{"id":15855,"date":"2023-06-02T17:25:40","date_gmt":"2023-06-02T17:25:40","guid":{"rendered":"https:\/\/www.ibermusicas.org\/?p=15855"},"modified":"2023-06-02T17:25:40","modified_gmt":"2023-06-02T17:25:40","slug":"fundacion-lirica-disidente-de-chile-anuncia-el-resultado-de-su-convocatoria-hablemos-de-compositoras","status":"publish","type":"post","link":"https:\/\/www.ibermusicas.org\/index.php\/fundacion-lirica-disidente-de-chile-anuncia-el-resultado-de-su-convocatoria-hablemos-de-compositoras\/","title":{"rendered":"Fundaci\u00f3n L\u00edrica Disidente de Chile anuncia el resultado de su convocatoria \u201cHablemos de Compositoras\u201d"},"content":{"rendered":"<p>Fueron 9 las obras seleccionadas, dentro de las cuales los 3 primeros lugares se otorgaron bajo el impulso de entregar un reconocimiento y menci\u00f3n especial. Todas las obras seleccionadas ser\u00e1n grabadas en Chile y Colombia para luego ser publicadas en un concierto virtual.<\/p>\n<p>&nbsp;<\/p>\n<p>\u201cHablemos de Compositoras III\u201d considera la grabaci\u00f3n y publicaci\u00f3n de actividades virtuales que buscar\u00e1n divulgar y promover el trabajo de compositoras de m\u00fasica de tradici\u00f3n escrita, y de paso visibilizar la desigualdad de g\u00e9nero en el medio musical de tradici\u00f3n escrita.<\/p>\n<p>&nbsp;<\/p>\n<p>Han sido seleccionadas obras de: Laura Velasco, Maia Steinberg, Daniela Mercado, Ana Beyron, Ana Elisa de Mar\u00eda, Carolina Hern\u00e1ndez, Claudia Mart\u00ednez, Laura Bandeo y Mar\u00eda Alem\u00e1n.<\/p>\n<p>&nbsp;<\/p>\n<p>La Fundaci\u00f3n L\u00edrica Disidente, constituida en diciembre de 2020, tiene como objetivo ampliar las formas de financiamiento a las que se puedan acceder como agrupaci\u00f3n, teniendo as\u00ed cabida en fondos dirigidos \u00fanicamente a personas jur\u00eddicas sin fines de lucro.<\/p>\n<p>&nbsp;<\/p>\n<p>Adem\u00e1s consideran de gran relevancia, al pensar en pol\u00edticas culturales, que exista registro de personas jur\u00eddicas sin fines de lucro con trabajo dirigido a las culturas, artes y patrimonio, adem\u00e1s de la vinculaci\u00f3n con asociaciones gremiales del sector.<\/p>\n<p>&nbsp;<\/p>\n<p>Esta convocatoria ha sido beneficiaria de las Ayudas al Sector Musical en Modalidad Virtual.<\/p>\n","protected":false},"excerpt":{"rendered":"<p>Fueron 9 las obras seleccionadas, dentro de las cuales los 3 primeros lugares se otorgaron bajo el impulso de entregar un reconocimiento y menci\u00f3n especial. Todas las obras seleccionadas ser\u00e1n grabadas en Chile y Colombia para luego ser publicadas en un concierto virtual. &nbsp; \u201cHablemos de Compositoras III\u201d considera la grabaci\u00f3n y publicaci\u00f3n de actividades [&hellip;]<\/p>\n","protected":false},"author":7,"featured_media":15856,"comment_status":"closed","ping_status":"closed","sticky":false,"template":"","format":"standard","meta":{"_monsterinsights_skip_tracking":false,"_monsterinsights_sitenote_active":false,"_monsterinsights_sitenote_note":"","_monsterinsights_sitenote_category":0,"footnotes":""},"categories":[53],"tags":[],"class_list":["post-15855","post","type-post","status-publish","format-standard","has-post-thumbnail","hentry","category-noticias-generales"],"lang":"es","translations":{"es":15855,"pt":15858},"pll_sync_post":[],"post_mailing_queue_ids":[],"_links":{"self":[{"href":"https:\/\/www.ibermusicas.org\/index.php\/wp-json\/wp\/v2\/posts\/15855","targetHints":{"allow":["GET"]}}],"collection":[{"href":"https:\/\/www.ibermusicas.org\/index.php\/wp-json\/wp\/v2\/posts"}],"about":[{"href":"https:\/\/www.ibermusicas.org\/index.php\/wp-json\/wp\/v2\/types\/post"}],"author":[{"embeddable":true,"href":"https:\/\/www.ibermusicas.org\/index.php\/wp-json\/wp\/v2\/users\/7"}],"replies":[{"embeddable":true,"href":"https:\/\/www.ibermusicas.org\/index.php\/wp-json\/wp\/v2\/comments?post=15855"}],"version-history":[{"count":0,"href":"https:\/\/www.ibermusicas.org\/index.php\/wp-json\/wp\/v2\/posts\/15855\/revisions"}],"wp:featuredmedia":[{"embeddable":true,"href":"https:\/\/www.ibermusicas.org\/index.php\/wp-json\/wp\/v2\/media\/15856"}],"wp:attachment":[{"href":"https:\/\/www.ibermusicas.org\/index.php\/wp-json\/wp\/v2\/media?parent=15855"}],"wp:term":[{"taxonomy":"category","embeddable":true,"href":"https:\/\/www.ibermusicas.org\/index.php\/wp-json\/wp\/v2\/categories?post=15855"},{"taxonomy":"post_tag","embeddable":true,"href":"https:\/\/www.ibermusicas.org\/index.php\/wp-json\/wp\/v2\/tags?post=15855"}],"curies":[{"name":"wp","href":"https:\/\/api.w.org\/{rel}","templated":true}]}}