{"id":15858,"date":"2023-06-02T17:27:11","date_gmt":"2023-06-02T17:27:11","guid":{"rendered":"https:\/\/www.ibermusicas.org\/?p=15858"},"modified":"2023-06-02T17:27:11","modified_gmt":"2023-06-02T17:27:11","slug":"a-fundacao-lirica-disidente-do-chile-anuncia-os-resultados-do-seu-concurso-falemos-de-mulheres-compositoras","status":"publish","type":"post","link":"https:\/\/www.ibermusicas.org\/index.php\/a-fundacao-lirica-disidente-do-chile-anuncia-os-resultados-do-seu-concurso-falemos-de-mulheres-compositoras\/","title":{"rendered":"A Funda\u00e7\u00e3o L\u00edrica Disidente do Chile anuncia os resultados do seu concurso \u00abFalemos de mulheres compositoras\u00bb"},"content":{"rendered":"<p>Foram seleccionadas 9 obras, entre as quais foram atribu\u00eddos os 3 primeiros lugares, sob o impulso de dar um reconhecimento e uma men\u00e7\u00e3o especial. Todas as obras seleccionadas ser\u00e3o gravadas no Chile e na Col\u00f4mbia e depois publicadas num concerto virtual.<\/p>\n<p>&nbsp;<\/p>\n<p>\u00abFalemos de Mulheres Compositoras III\u00bb considera a grava\u00e7\u00e3o e publica\u00e7\u00e3o de atividades virtuais que procuraram difundir e promover a obra de mulheres compositoras de m\u00fasica escrita e, ao mesmo tempo, tornar vis\u00edvel a desigualdade de g\u00eanero no meio musical da tradi\u00e7\u00e3o escrita.<\/p>\n<p>&nbsp;<\/p>\n<p>Foram seleccionadas obras de: Laura Velasco, Maia Steinberg, Daniela Mercado, Ana Beyron, Ana Elisa de Mar\u00eda, Carolina Hern\u00e1ndez, Claudia Mart\u00ednez, Laura Bandeo e Mar\u00eda Alem\u00e1n.<\/p>\n<p>&nbsp;<\/p>\n<p>A Funda\u00e7\u00e3o L\u00edrica Disidente, constitu\u00edda em dezembro de 2020, tem como objectivo alargar as formas de financiamento a que se pode aceder como grupo, tendo assim um lugar em fundos destinados exclusivamente a entidades jur\u00eddicas sem fins lucrativos.<\/p>\n<p>&nbsp;<\/p>\n<p>Consideram tamb\u00e9m de grande import\u00e2ncia, quando se pensa em pol\u00edticas culturais, que exista um registo de pessoas colectivas sem fins lucrativos com trabalho dirigido \u00e0 cultura, \u00e0s artes e ao patrim\u00f3nio, bem como liga\u00e7\u00f5es com associa\u00e7\u00f5es comerciais do sector.<\/p>\n<p>&nbsp;<\/p>\n<p>Esta chamada foi um dos projetos benefici\u00e1rios das Ajudas ao Sector Musical em Modalidade Virtual.<\/p>\n","protected":false},"excerpt":{"rendered":"<p>Foram seleccionadas 9 obras, entre as quais foram atribu\u00eddos os 3 primeiros lugares, sob o impulso de dar um reconhecimento e uma men\u00e7\u00e3o especial. Todas as obras seleccionadas ser\u00e3o gravadas no Chile e na Col\u00f4mbia e depois publicadas num concerto virtual. &nbsp; \u00abFalemos de Mulheres Compositoras III\u00bb considera a grava\u00e7\u00e3o e publica\u00e7\u00e3o de atividades virtuais [&hellip;]<\/p>\n","protected":false},"author":7,"featured_media":15856,"comment_status":"closed","ping_status":"closed","sticky":false,"template":"","format":"standard","meta":{"_monsterinsights_skip_tracking":false,"_monsterinsights_sitenote_active":false,"_monsterinsights_sitenote_note":"","_monsterinsights_sitenote_category":0,"footnotes":""},"categories":[218],"tags":[],"class_list":["post-15858","post","type-post","status-publish","format-standard","has-post-thumbnail","hentry","category-noticias-generales-pt"],"lang":"pt","translations":{"pt":15858,"es":15855},"pll_sync_post":[],"post_mailing_queue_ids":[],"_links":{"self":[{"href":"https:\/\/www.ibermusicas.org\/index.php\/wp-json\/wp\/v2\/posts\/15858","targetHints":{"allow":["GET"]}}],"collection":[{"href":"https:\/\/www.ibermusicas.org\/index.php\/wp-json\/wp\/v2\/posts"}],"about":[{"href":"https:\/\/www.ibermusicas.org\/index.php\/wp-json\/wp\/v2\/types\/post"}],"author":[{"embeddable":true,"href":"https:\/\/www.ibermusicas.org\/index.php\/wp-json\/wp\/v2\/users\/7"}],"replies":[{"embeddable":true,"href":"https:\/\/www.ibermusicas.org\/index.php\/wp-json\/wp\/v2\/comments?post=15858"}],"version-history":[{"count":0,"href":"https:\/\/www.ibermusicas.org\/index.php\/wp-json\/wp\/v2\/posts\/15858\/revisions"}],"wp:featuredmedia":[{"embeddable":true,"href":"https:\/\/www.ibermusicas.org\/index.php\/wp-json\/wp\/v2\/media\/15856"}],"wp:attachment":[{"href":"https:\/\/www.ibermusicas.org\/index.php\/wp-json\/wp\/v2\/media?parent=15858"}],"wp:term":[{"taxonomy":"category","embeddable":true,"href":"https:\/\/www.ibermusicas.org\/index.php\/wp-json\/wp\/v2\/categories?post=15858"},{"taxonomy":"post_tag","embeddable":true,"href":"https:\/\/www.ibermusicas.org\/index.php\/wp-json\/wp\/v2\/tags?post=15858"}],"curies":[{"name":"wp","href":"https:\/\/api.w.org\/{rel}","templated":true}]}}