{"id":15860,"date":"2023-06-02T17:30:50","date_gmt":"2023-06-02T17:30:50","guid":{"rendered":"https:\/\/www.ibermusicas.org\/?p=15860"},"modified":"2023-06-02T17:30:50","modified_gmt":"2023-06-02T17:30:50","slug":"identidades-sonoras-las-playlists-de-ibermusicas","status":"publish","type":"post","link":"https:\/\/www.ibermusicas.org\/index.php\/identidades-sonoras-las-playlists-de-ibermusicas\/","title":{"rendered":"Identidades Sonoras, las playlists de Iberm\u00fasicas"},"content":{"rendered":"<p><strong>Esta quincena recomendamos las playlists creadas por Alfredo Villar Lurquin de Per\u00fa y por Pablo Zerboni de Uruguay<\/strong><\/p>\n<p><em>\u201cLo que caracteriza a la m\u00fasica tropical peruana es una gozosa antropofagia, la multiplicidad y la saturaci\u00f3n de sonidos, el deseo de mezclarlo todo y crear un hermoso caos de melod\u00edas y sentimientos, cosmopolita y nacionalista a la vez. A ese gran r\u00edo de vida, sangre y melod\u00edas lo llamamos \u201cChicha\u201d. <\/em><strong>Alfredo Villar Lurquin &#8211; Per\u00fa<\/strong><\/p>\n<p><a href=\"https:\/\/open.spotify.com\/playlist\/2CnvNpFhA0ZaQEbsIrGXM5?si=ba72b377b2e04cdd\">https:\/\/open.spotify.com\/playlist\/2CnvNpFhA0ZaQEbsIrGXM5?si=ba72b377b2e04cdd<\/a><\/p>\n<p>\u2026\u2026\u2026\u2026\u2026\u2026\u2026\u2026\u2026..<\/p>\n<p><em>\u201cAunque subjetiva e injusta,esta selecci\u00f3n pretende acercar un panorama de la m\u00fasica uruguaya, atravesada por sus g\u00e9neros identitarios:candombe, murga, tango y folclore. He tratado de dejar 50 \u00abhilitos\u00bb,lo m\u00e1s diversos posible,de los cuales el oyente podr\u00e1 tirar para descubrir su rico entramado\u201d. <\/em><strong>Pablo Zerboni &#8211; Uruguay<\/strong><\/p>\n<p><a href=\"https:\/\/open.spotify.com\/playlist\/1rLJ9q9wGtMuJOt4Kncmxl?si=daf0d39e0b644fc3\">https:\/\/open.spotify.com\/playlist\/1rLJ9q9wGtMuJOt4Kncmxl?si=daf0d39e0b644fc3<\/a><\/p>\n<p>\u2026\u2026\u2026\u2026\u2026\u2026\u2026\u2026\u2026..<\/p>\n<p>Identidades Sonoras son las playlists de Spotify creadas por m\u00fasicas y m\u00fasicos, productoras y productores, cr\u00edticas y cr\u00edticos, e investigadoras e investigadores de los pa\u00edses que integran nuestro programa a quienes hemos propuesto reflejar, interpretar y construir un recorrido integrador de la tradici\u00f3n y de las nuevas b\u00fasquedas en una lista de 50 obras.<\/p>\n","protected":false},"excerpt":{"rendered":"<p>Esta quincena recomendamos las playlists creadas por Alfredo Villar Lurquin de Per\u00fa y por Pablo Zerboni de Uruguay \u201cLo que caracteriza a la m\u00fasica tropical peruana es una gozosa antropofagia, la multiplicidad y la saturaci\u00f3n de sonidos, el deseo de mezclarlo todo y crear un hermoso caos de melod\u00edas y sentimientos, cosmopolita y nacionalista a [&hellip;]<\/p>\n","protected":false},"author":7,"featured_media":15861,"comment_status":"closed","ping_status":"closed","sticky":false,"template":"","format":"standard","meta":{"_monsterinsights_skip_tracking":false,"_monsterinsights_sitenote_active":false,"_monsterinsights_sitenote_note":"","_monsterinsights_sitenote_category":0,"footnotes":""},"categories":[53],"tags":[],"class_list":["post-15860","post","type-post","status-publish","format-standard","has-post-thumbnail","hentry","category-noticias-generales"],"lang":"es","translations":{"es":15860,"pt":15863},"pll_sync_post":[],"post_mailing_queue_ids":[],"_links":{"self":[{"href":"https:\/\/www.ibermusicas.org\/index.php\/wp-json\/wp\/v2\/posts\/15860","targetHints":{"allow":["GET"]}}],"collection":[{"href":"https:\/\/www.ibermusicas.org\/index.php\/wp-json\/wp\/v2\/posts"}],"about":[{"href":"https:\/\/www.ibermusicas.org\/index.php\/wp-json\/wp\/v2\/types\/post"}],"author":[{"embeddable":true,"href":"https:\/\/www.ibermusicas.org\/index.php\/wp-json\/wp\/v2\/users\/7"}],"replies":[{"embeddable":true,"href":"https:\/\/www.ibermusicas.org\/index.php\/wp-json\/wp\/v2\/comments?post=15860"}],"version-history":[{"count":0,"href":"https:\/\/www.ibermusicas.org\/index.php\/wp-json\/wp\/v2\/posts\/15860\/revisions"}],"wp:featuredmedia":[{"embeddable":true,"href":"https:\/\/www.ibermusicas.org\/index.php\/wp-json\/wp\/v2\/media\/15861"}],"wp:attachment":[{"href":"https:\/\/www.ibermusicas.org\/index.php\/wp-json\/wp\/v2\/media?parent=15860"}],"wp:term":[{"taxonomy":"category","embeddable":true,"href":"https:\/\/www.ibermusicas.org\/index.php\/wp-json\/wp\/v2\/categories?post=15860"},{"taxonomy":"post_tag","embeddable":true,"href":"https:\/\/www.ibermusicas.org\/index.php\/wp-json\/wp\/v2\/tags?post=15860"}],"curies":[{"name":"wp","href":"https:\/\/api.w.org\/{rel}","templated":true}]}}