{"id":15863,"date":"2023-06-02T17:32:16","date_gmt":"2023-06-02T17:32:16","guid":{"rendered":"https:\/\/www.ibermusicas.org\/?p=15863"},"modified":"2023-06-02T17:32:16","modified_gmt":"2023-06-02T17:32:16","slug":"identidades-sonoras-as-playlists-ibermusicas","status":"publish","type":"post","link":"https:\/\/www.ibermusicas.org\/index.php\/identidades-sonoras-as-playlists-ibermusicas\/","title":{"rendered":"Identidades Sonoras, as playlists Iberm\u00fasicas"},"content":{"rendered":"<p><strong>Nesta quinzena, recomendamos as playlists criadas por Alfredo Villar Lurquin, do Peru, e Pablo Zerboni, do Uruguai.<\/strong><\/p>\n<p><em>\u00abO que caracteriza a m\u00fasica tropical peruana \u00e9 uma alegre antropofagia, a multiplicidade e satura\u00e7\u00e3o de sons, o desejo de misturar tudo e criar um belo caos de melodias e sentimentos, cosmopolita e nacionalista ao mesmo tempo. Chamamos a este grande rio de vida, sangue e melodias \u00abChicha\u00bb.<\/em><strong> Alfredo Villar Lurquin &#8211; Peru<\/strong><\/p>\n<p><a href=\"https:\/\/open.spotify.com\/playlist\/2CnvNpFhA0ZaQEbsIrGXM5?si=ba72b377b2e04cdd\">https:\/\/open.spotify.com\/playlist\/2CnvNpFhA0ZaQEbsIrGXM5?si=ba72b377b2e04cdd<\/a><\/p>\n<p><em>&#8230;&#8230;&#8230;&#8230;&#8230;&#8230;&#8230;&#8230;&#8230;..<\/em><\/p>\n<p><em>\u00abEmbora subjectiva e injusta, esta selec\u00e7\u00e3o pretende dar uma vis\u00e3o geral da m\u00fasica uruguaia, atravessada pelos seus g\u00e9neros identit\u00e1rios: candombe, murga, tango e folclore. Tentei deixar 50 fios, t\u00e3o diversos quanto poss\u00edveis, dos quais o ouvinte pode tirar para descobrir o seu rico quadro\u00bb<\/em><strong>. Pablo Zerboni &#8211; Uruguai<\/strong><\/p>\n<p><a href=\"https:\/\/open.spotify.com\/playlist\/1rLJ9q9wGtMuJOt4Kncmxl?si=daf0d39e0b644fc3\">https:\/\/open.spotify.com\/playlist\/1rLJ9q9wGtMuJOt4Kncmxl?si=daf0d39e0b644fc3<\/a><\/p>\n<p>&#8230;&#8230;&#8230;&#8230;&#8230;&#8230;&#8230;&#8230;&#8230;..<\/p>\n<p>Identidades Sonoras s\u00e3o as playlists do Spotify criadas por m\u00fasicos, produtores, cr\u00edticos e investigadores dos pa\u00edses que integram o nosso programa, a quem foi pedido que refletissem, interpretassem e constru\u00edssem um percurso integrando tradi\u00e7\u00e3o e novas procuras numa lista de 50 obras.<\/p>\n","protected":false},"excerpt":{"rendered":"<p>Nesta quinzena, recomendamos as playlists criadas por Alfredo Villar Lurquin, do Peru, e Pablo Zerboni, do Uruguai. \u00abO que caracteriza a m\u00fasica tropical peruana \u00e9 uma alegre antropofagia, a multiplicidade e satura\u00e7\u00e3o de sons, o desejo de misturar tudo e criar um belo caos de melodias e sentimentos, cosmopolita e nacionalista ao mesmo tempo. Chamamos [&hellip;]<\/p>\n","protected":false},"author":7,"featured_media":15861,"comment_status":"closed","ping_status":"closed","sticky":false,"template":"","format":"standard","meta":{"_monsterinsights_skip_tracking":false,"_monsterinsights_sitenote_active":false,"_monsterinsights_sitenote_note":"","_monsterinsights_sitenote_category":0,"footnotes":""},"categories":[218],"tags":[],"class_list":["post-15863","post","type-post","status-publish","format-standard","has-post-thumbnail","hentry","category-noticias-generales-pt"],"lang":"pt","translations":{"pt":15863,"es":15860},"pll_sync_post":[],"post_mailing_queue_ids":[],"_links":{"self":[{"href":"https:\/\/www.ibermusicas.org\/index.php\/wp-json\/wp\/v2\/posts\/15863","targetHints":{"allow":["GET"]}}],"collection":[{"href":"https:\/\/www.ibermusicas.org\/index.php\/wp-json\/wp\/v2\/posts"}],"about":[{"href":"https:\/\/www.ibermusicas.org\/index.php\/wp-json\/wp\/v2\/types\/post"}],"author":[{"embeddable":true,"href":"https:\/\/www.ibermusicas.org\/index.php\/wp-json\/wp\/v2\/users\/7"}],"replies":[{"embeddable":true,"href":"https:\/\/www.ibermusicas.org\/index.php\/wp-json\/wp\/v2\/comments?post=15863"}],"version-history":[{"count":0,"href":"https:\/\/www.ibermusicas.org\/index.php\/wp-json\/wp\/v2\/posts\/15863\/revisions"}],"wp:featuredmedia":[{"embeddable":true,"href":"https:\/\/www.ibermusicas.org\/index.php\/wp-json\/wp\/v2\/media\/15861"}],"wp:attachment":[{"href":"https:\/\/www.ibermusicas.org\/index.php\/wp-json\/wp\/v2\/media?parent=15863"}],"wp:term":[{"taxonomy":"category","embeddable":true,"href":"https:\/\/www.ibermusicas.org\/index.php\/wp-json\/wp\/v2\/categories?post=15863"},{"taxonomy":"post_tag","embeddable":true,"href":"https:\/\/www.ibermusicas.org\/index.php\/wp-json\/wp\/v2\/tags?post=15863"}],"curies":[{"name":"wp","href":"https:\/\/api.w.org\/{rel}","templated":true}]}}