{"id":15936,"date":"2023-06-13T19:07:34","date_gmt":"2023-06-13T19:07:34","guid":{"rendered":"https:\/\/www.ibermusicas.org\/?p=15936"},"modified":"2023-06-29T12:50:06","modified_gmt":"2023-06-29T12:50:06","slug":"el-ensamble-mexicano-de-musica-contemporanea-onix-de-mexico-presenta-su-nuevo-produccion-monografica-sobre-la-obra-del-compositor-portugues-joao-pedro-oliveira","status":"publish","type":"post","link":"https:\/\/www.ibermusicas.org\/index.php\/el-ensamble-mexicano-de-musica-contemporanea-onix-de-mexico-presenta-su-nuevo-produccion-monografica-sobre-la-obra-del-compositor-portugues-joao-pedro-oliveira\/","title":{"rendered":"El ensamble mexicano de m\u00fasica contempor\u00e1nea \u00d3nix de M\u00e9xico presenta su nuevo producci\u00f3n monogr\u00e1fica sobre la obra del compositor portugu\u00e9s Jo\u00e3o Pedro Oliveira"},"content":{"rendered":"<p>\u201cTimshel, The Freedom of Choice\u201d (M\u00fasica para solistas, ensamble y electr\u00f3nica) es la nueva y m\u00e1s reciente producci\u00f3n del \u00d3nix, M\u00fasica Contempor\u00e1nea, ensamble dirigido por Alejandro Escuer. El \u00e1lbum est\u00e1 totalmente dedicado a la obra de Jo\u00e3o Pedro Oliveira.<\/p>\n<p>&nbsp;<\/p>\n<p>Durante el a\u00f1o 2021 \u00d3nix inici\u00f3 el proyecto \u201cPortrait Concerts: Grabaciones y conciertos monogr\u00e1ficos 2021-2025\u201d, es decir, producciones dedicadas a la evoluci\u00f3n del proceso creativo de un solo compositor(a) a lo largo de muchos a\u00f1os. Uno de los compositores m\u00e1s cercanos a \u00d3nix ha sido sin duda el m\u00fasico portugu\u00e9s Jo\u00e3o Pedro Oliveira, con quien ha colaborado por m\u00e1s de 18 a\u00f1os. Las obras de Jo\u00e3o Pedro Oliveira denotan no s\u00f3lo una originalidad y organicidad entre los instrumentos y la m\u00fasica electroac\u00fastica excepcionales, sino que adem\u00e1s son muestra irrefutable del equilibrio entre el dominio de la tradici\u00f3n instrumental cl\u00e1sica y la innovaci\u00f3n con respecto al uso de nuevas tecnolog\u00edas sonoras y visuales.<\/p>\n<p>&nbsp;<\/p>\n<p>La discograf\u00eda de \u00d3nix es una radiograf\u00eda sonora de sus etapas y logros, tanto en t\u00e9rminos de elecci\u00f3n de repertorio, como a nivel interpretativo y art\u00edstico en general. Cada grabaci\u00f3n acu\u00f1a un esfuerzo no s\u00f3lo por dejar testimonio de una tradici\u00f3n interpretativa propiamente mexicana y latinoamericana, sino tambi\u00e9n por presentar obras y materiales in\u00e9ditos que aspiran a contribuir con un legado sonoro \u00fanico y original. La relaci\u00f3n entre decenas de compositores(as) vivos y \u00d3nix ha sido tan fruct\u00edfera como diversa e incluyente, incorporando a m\u00faltiples generaciones de creadores quienes han colaborado de manera cercana con cada uno de sus integrantes, componiendo una gran cantidad de obras para solos, d\u00faos, tr\u00edos, ensamble e, incluso, conciertos para solista y orquesta.<\/p>\n<p>&nbsp;<\/p>\n<p>Jo\u00e3o Pedro Oliveira naci\u00f3 en Portugal en 1959. Es titular de la c\u00e1tedra Corwin de composici\u00f3n de la Universidad de California en Santa B\u00e1rbara. Estudi\u00f3 \u00f3rgano, composici\u00f3n y arquitectura en Lisboa. Es doctor por la universidad de Nueva York en Stony Brook. Su m\u00fasica incluye \u00f3pera, composiciones orquestales, m\u00fasica de c\u00e1mara, m\u00fasica electroac\u00fastica y video experimental. Ha recibido m\u00e1s de setenta premios y reconocimientos internacionales, entre los que destacan tres premios en la Bourges Electroacoustic Music Competition, el premio especial Giga-Hertz, el primer premio de la Metamorphoses Competition, primer premio del concurso Yamaha-Visiones Sonoras, as\u00ed como del Concurso de M\u00fasica Nueva de Praga. Ha impartido clases en la Universidad de Aveiro (Portugal) y en la Universidad Federal de Minas Gerais (Brasil). Sus publicaciones incluyen diversos art\u00edculos en revistas y libros especializados en teor\u00eda de la m\u00fasica del siglo XX.<\/p>\n<p>&nbsp;<\/p>\n<p>La m\u00fasica de Jo\u00e3o Pedro Oliveira es met\u00e1fora de la naturaleza, funciona como hipn\u00f3tica traves\u00eda de imaginadas realidades, las cuales hacen alusiones al fluir del agua, el aire y el fuego.<\/p>\n<p>&nbsp;<\/p>\n<p>Este trabajo ha sido posible gracias al apoyo de Iberm\u00fasicas mediante su l\u00ednea de acci\u00f3n de \u201cAyudas al Sector Musical en Modalidad Virtual\u201d.<\/p>\n<p>&nbsp;<\/p>\n<p><a href=\"https:\/\/www.udcmediaonline.com\/timshelthefreedomofchoice\">https:\/\/www.udcmediaonline.com\/timshelthefreedomofchoice<\/a><\/p>\n","protected":false},"excerpt":{"rendered":"<p>\u201cTimshel, The Freedom of Choice\u201d (M\u00fasica para solistas, ensamble y electr\u00f3nica) es la nueva y m\u00e1s reciente producci\u00f3n del \u00d3nix, M\u00fasica Contempor\u00e1nea, ensamble dirigido por Alejandro Escuer. El \u00e1lbum est\u00e1 totalmente dedicado a la obra de Jo\u00e3o Pedro Oliveira. &nbsp; Durante el a\u00f1o 2021 \u00d3nix inici\u00f3 el proyecto \u201cPortrait Concerts: Grabaciones y conciertos monogr\u00e1ficos 2021-2025\u201d, [&hellip;]<\/p>\n","protected":false},"author":7,"featured_media":15937,"comment_status":"closed","ping_status":"closed","sticky":false,"template":"","format":"standard","meta":{"_monsterinsights_skip_tracking":false,"_monsterinsights_sitenote_active":false,"_monsterinsights_sitenote_note":"","_monsterinsights_sitenote_category":0,"footnotes":""},"categories":[53],"tags":[],"class_list":["post-15936","post","type-post","status-publish","format-standard","has-post-thumbnail","hentry","category-noticias-generales"],"lang":"es","translations":{"es":15936,"pt":15940},"pll_sync_post":[],"post_mailing_queue_ids":[],"_links":{"self":[{"href":"https:\/\/www.ibermusicas.org\/index.php\/wp-json\/wp\/v2\/posts\/15936","targetHints":{"allow":["GET"]}}],"collection":[{"href":"https:\/\/www.ibermusicas.org\/index.php\/wp-json\/wp\/v2\/posts"}],"about":[{"href":"https:\/\/www.ibermusicas.org\/index.php\/wp-json\/wp\/v2\/types\/post"}],"author":[{"embeddable":true,"href":"https:\/\/www.ibermusicas.org\/index.php\/wp-json\/wp\/v2\/users\/7"}],"replies":[{"embeddable":true,"href":"https:\/\/www.ibermusicas.org\/index.php\/wp-json\/wp\/v2\/comments?post=15936"}],"version-history":[{"count":0,"href":"https:\/\/www.ibermusicas.org\/index.php\/wp-json\/wp\/v2\/posts\/15936\/revisions"}],"wp:featuredmedia":[{"embeddable":true,"href":"https:\/\/www.ibermusicas.org\/index.php\/wp-json\/wp\/v2\/media\/15937"}],"wp:attachment":[{"href":"https:\/\/www.ibermusicas.org\/index.php\/wp-json\/wp\/v2\/media?parent=15936"}],"wp:term":[{"taxonomy":"category","embeddable":true,"href":"https:\/\/www.ibermusicas.org\/index.php\/wp-json\/wp\/v2\/categories?post=15936"},{"taxonomy":"post_tag","embeddable":true,"href":"https:\/\/www.ibermusicas.org\/index.php\/wp-json\/wp\/v2\/tags?post=15936"}],"curies":[{"name":"wp","href":"https:\/\/api.w.org\/{rel}","templated":true}]}}