{"id":15940,"date":"2023-06-13T19:09:19","date_gmt":"2023-06-13T19:09:19","guid":{"rendered":"https:\/\/www.ibermusicas.org\/?p=15940"},"modified":"2023-06-29T13:07:24","modified_gmt":"2023-06-29T13:07:24","slug":"o-ensemble-mexicano-de-musica-contemporanea-onix-de-mexico-apresenta-a-sua-nova-producao-monografica-sobre-a-obra-do-compositor-portugues-joao-pedro-oliveira","status":"publish","type":"post","link":"https:\/\/www.ibermusicas.org\/index.php\/o-ensemble-mexicano-de-musica-contemporanea-onix-de-mexico-apresenta-a-sua-nova-producao-monografica-sobre-a-obra-do-compositor-portugues-joao-pedro-oliveira\/","title":{"rendered":"O ensemble mexicano de m\u00fasica contempor\u00e2nea \u00d3nix de M\u00e9xico apresenta a sua nova produ\u00e7\u00e3o monogr\u00e1fica sobre a obra do compositor portugu\u00eas Jo\u00e3o Pedro Oliveira"},"content":{"rendered":"<p>\u00abTimshel, The Freedom of Choice\u00bb (M\u00fasica para solistas, ensemble e electr\u00f3nica) \u00e9 a nova e mais recente produ\u00e7\u00e3o do \u00d3nix, M\u00fasica Contempor\u00e2nea, ensemble dirigido por Alejandro Escuer. O \u00e1lbum \u00e9 inteiramente dedicado \u00e0 obra de Jo\u00e3o Pedro Oliveira.<\/p>\n<p>&nbsp;<\/p>\n<p>Durante o ano de 2021, o \u00d3nix iniciou o projeto \u00abPortrait Concerts: Grava\u00e7\u00f5es e concertos monogr\u00e1ficos 2021-2025\u00bb, ou seja, produ\u00e7\u00f5es dedicadas \u00e0 evolu\u00e7\u00e3o do processo criativo de um \u00fanico compositor ao longo de muitos anos. Um dos compositores mais pr\u00f3ximos de \u00d3nix \u00e9, sem d\u00favida, o m\u00fasico portugu\u00eas Jo\u00e3o Pedro Oliveira, com quem colabora h\u00e1 mais de 18 anos. As obras de Jo\u00e3o Pedro Oliveira denotam n\u00e3o s\u00f3 uma excepcional originalidade e organicidade entre instrumentos e m\u00fasica electroac\u00fastica, mas s\u00e3o tamb\u00e9m uma demonstra\u00e7\u00e3o irrefut\u00e1vel do equil\u00edbrio entre o dom\u00ednio da tradi\u00e7\u00e3o instrumental cl\u00e1ssica e a inova\u00e7\u00e3o no que respeita \u00e0 utiliza\u00e7\u00e3o de novas tecnologias sonoras e visuais.<\/p>\n<p>&nbsp;<\/p>\n<p>A discografia de Onyx \u00e9 uma radiografia s\u00f3nica das suas etapas e realiza\u00e7\u00f5es, tanto em termos de escolha de repert\u00f3rio, como a n\u00edvel interpretativo e art\u00edstico em geral. Cada grava\u00e7\u00e3o \u00e9 um esfor\u00e7o n\u00e3o s\u00f3 para dar testemunho de uma tradi\u00e7\u00e3o performativa distintamente mexicana e latino-americana, mas tamb\u00e9m para apresentar obras e materiais in\u00e9ditos que aspiram a contribuir para um legado sonoro \u00fanico e original. A rela\u00e7\u00e3o entre dezenas de compositores vivos e o \u00d3nix tem sido t\u00e3o frut\u00edfera quanto diversa e inclusiva, incorporando m\u00faltiplas gera\u00e7\u00f5es de criadores que t\u00eam colaborado estreitamente com cada um dos seus membros, compondo um grande n\u00famero de obras para solos, duos, trios, ensembles e at\u00e9 concertos para solista e orquestra.<\/p>\n<p>&nbsp;<\/p>\n<p>Jo\u00e3o Pedro Oliveira nasceu em Portugal em 1959. \u00c9 titular da C\u00e1tedra Corwin de Composi\u00e7\u00e3o na Universidade da Calif\u00f3rnia, em Santa B\u00e1rbara. Estudou \u00f3rg\u00e3o, composi\u00e7\u00e3o e arquitetura em Lisboa. \u00c9 doutorado pela Universidade de Nova Iorque em Stony Brook. A sua m\u00fasica inclui \u00f3pera, composi\u00e7\u00f5es orquestrais, m\u00fasica de c\u00e2mara, m\u00fasica electroac\u00fastica e v\u00eddeo experimental. Recebeu mais de setenta pr\u00e9mios e distin\u00e7\u00f5es internacionais, incluindo tr\u00eas pr\u00e9mios no Concurso de M\u00fasica Electroac\u00fastica de Bourges, o pr\u00e9mio especial Giga-Hertz, o primeiro pr\u00e9mio no Concurso Metamorphoses, o primeiro pr\u00e9mio no concurso Yamaha-Sound Visions, bem como o Concurso de Nova M\u00fasica de Praga. Foi professor na Universidade de Aveiro (Portugal) e na Universidade Federal de Minas Gerais (Brasil). As suas publica\u00e7\u00f5es incluem v\u00e1rios artigos em revistas e livros especializados em teoria musical do s\u00e9culo XX.<\/p>\n<p>&nbsp;<\/p>\n<p>A m\u00fasica de Jo\u00e3o Pedro Oliveira \u00e9 uma met\u00e1fora da natureza, funciona como uma viagem hipn\u00f3tica de realidades imaginadas, que aludem ao fluxo da \u00e1gua, do ar e do fogo.<\/p>\n<p>&nbsp;<\/p>\n<p>Este trabalho foi poss\u00edvel gra\u00e7as ao apoio do Programa Iberm\u00fasica atrav\u00e9s da sua linha de ac\u00e7\u00e3o \u00abAyudas al Sector Musical en Modalidad Virtual\u00bb.<\/p>\n<p><a href=\"https:\/\/www.udcmediaonline.com\/timshelthefreedomofchoice\">https:\/\/www.udcmediaonline.com\/timshelthefreedomofchoice<\/a><\/p>\n","protected":false},"excerpt":{"rendered":"<p>\u00abTimshel, The Freedom of Choice\u00bb (M\u00fasica para solistas, ensemble e electr\u00f3nica) \u00e9 a nova e mais recente produ\u00e7\u00e3o do \u00d3nix, M\u00fasica Contempor\u00e2nea, ensemble dirigido por Alejandro Escuer. O \u00e1lbum \u00e9 inteiramente dedicado \u00e0 obra de Jo\u00e3o Pedro Oliveira. &nbsp; Durante o ano de 2021, o \u00d3nix iniciou o projeto \u00abPortrait Concerts: Grava\u00e7\u00f5es e concertos monogr\u00e1ficos [&hellip;]<\/p>\n","protected":false},"author":7,"featured_media":15937,"comment_status":"closed","ping_status":"closed","sticky":false,"template":"","format":"standard","meta":{"_monsterinsights_skip_tracking":false,"_monsterinsights_sitenote_active":false,"_monsterinsights_sitenote_note":"","_monsterinsights_sitenote_category":0,"footnotes":""},"categories":[218],"tags":[],"class_list":["post-15940","post","type-post","status-publish","format-standard","has-post-thumbnail","hentry","category-noticias-generales-pt"],"lang":"pt","translations":{"pt":15940,"es":15936},"pll_sync_post":[],"post_mailing_queue_ids":[],"_links":{"self":[{"href":"https:\/\/www.ibermusicas.org\/index.php\/wp-json\/wp\/v2\/posts\/15940","targetHints":{"allow":["GET"]}}],"collection":[{"href":"https:\/\/www.ibermusicas.org\/index.php\/wp-json\/wp\/v2\/posts"}],"about":[{"href":"https:\/\/www.ibermusicas.org\/index.php\/wp-json\/wp\/v2\/types\/post"}],"author":[{"embeddable":true,"href":"https:\/\/www.ibermusicas.org\/index.php\/wp-json\/wp\/v2\/users\/7"}],"replies":[{"embeddable":true,"href":"https:\/\/www.ibermusicas.org\/index.php\/wp-json\/wp\/v2\/comments?post=15940"}],"version-history":[{"count":0,"href":"https:\/\/www.ibermusicas.org\/index.php\/wp-json\/wp\/v2\/posts\/15940\/revisions"}],"wp:featuredmedia":[{"embeddable":true,"href":"https:\/\/www.ibermusicas.org\/index.php\/wp-json\/wp\/v2\/media\/15937"}],"wp:attachment":[{"href":"https:\/\/www.ibermusicas.org\/index.php\/wp-json\/wp\/v2\/media?parent=15940"}],"wp:term":[{"taxonomy":"category","embeddable":true,"href":"https:\/\/www.ibermusicas.org\/index.php\/wp-json\/wp\/v2\/categories?post=15940"},{"taxonomy":"post_tag","embeddable":true,"href":"https:\/\/www.ibermusicas.org\/index.php\/wp-json\/wp\/v2\/tags?post=15940"}],"curies":[{"name":"wp","href":"https:\/\/api.w.org\/{rel}","templated":true}]}}