{"id":15948,"date":"2023-06-13T19:15:45","date_gmt":"2023-06-13T19:15:45","guid":{"rendered":"https:\/\/www.ibermusicas.org\/?p=15948"},"modified":"2023-06-13T19:15:45","modified_gmt":"2023-06-13T19:15:45","slug":"el-duo-peruano-alejandro-y-maria-laura-inician-su-tour-madre-padre-marte-por-diversas-ciudades-de-europa","status":"publish","type":"post","link":"https:\/\/www.ibermusicas.org\/index.php\/el-duo-peruano-alejandro-y-maria-laura-inician-su-tour-madre-padre-marte-por-diversas-ciudades-de-europa\/","title":{"rendered":"El d\u00fao peruano Alejandro y Mar\u00eda Laura inician su Tour Madre Padre Marte por diversas ciudades de Europa"},"content":{"rendered":"<p>Alejandro y Mar\u00eda Laura presentar\u00e1n su nuevo \u00e1lbum en Espa\u00f1a gracias a las ayudas de movilidad de Iberm\u00fasicas y a la agencia Born! Music. Entre junio y diciembre del 2023 Alejandro y Maria Laura presentar\u00e1n su nuevo \u00e1lbum \u201cMadre Padre Marte\u201d en distintas ciudades de Europa, principalmente en Espa\u00f1a. El tour incluye la participaci\u00f3n de la dupla en el Festival Do\u00f1a y el Festival Tierra Bobal junto a artistas como Aterciopelados y Julieta Venegas.<\/p>\n<p>&nbsp;<\/p>\n<p>Alejandro y Maria Laura son un d\u00fao, familia y co-autores de Per\u00fa. Canciones como \u201cAg\u00fcita del Equilibrio\u201d y \u201cUna fiesta cualquiera\u201d los han llevado a conectar \u00edntimamente con un p\u00fablico que aprecia la calidez de sus letras y armon\u00edas vocales. Con m\u00e1s de trece a\u00f1os de trayectoria, han producido cuatro discos y colaborado con importantes artistas latinoamericanos como Susana Baca (Per\u00fa), Paulinho Moska (Brasil) y Kevin Johansen (Argentina).<\/p>\n<p>&nbsp;<\/p>\n<p>Recientemente la dupla public\u00f3 en plataformas digitales su cuarto \u00e1lbum de estudio llamado \u201cMadre Padre Marte\u201d. Canciones como \u201cSana sana\u201d y \u201cAlgo tiene que estar mal\u201d son los primeros singles de este nuevo material que contiene 13 canciones. El nuevo disco fue grabado desde el 2020 junto al m\u00fasico y productor chileno Javier Barr\u00eda. En esta etapa se public\u00f3 \u201cLo que iba a ser\u201d con la colaboraci\u00f3n de Andrea Echeverri, \u00edcono del rock en Colombia y cabeza de la famosa banda Aterciopelados. La segunda etapa del disco (2022) se grab\u00f3 en El Desierto Casa Estudio en Ciudad de M\u00e9xico bajo la producci\u00f3n de Gustavo Guerrero, tambi\u00e9n productor de artistas como Natalia Lafourcade y Silvana Estrada.<\/p>\n<p>&nbsp;<\/p>\n<p>&nbsp;<\/p>\n<p>15 de junio: Barcelona &#8211; Balt Sessions<\/p>\n<p>21 de junio: Bruselas &#8211; mOtown Concerts<\/p>\n<p>22 de junio: Valencia &#8211; Centro Excursionista<\/p>\n<p>30\u00a0 de junio: Utiel &#8211; Festival Tierra Bobal<\/p>\n<p>01 de julio: Requena &#8211; Festival Tierra Bobal<\/p>\n<p>26\/ de agosto: La Almunia de Do\u00f1a Godina &#8211; Festival Do\u00f1a<\/p>\n<p>05 de octubre: M\u00e1laga &#8211; Centro Cultural Provincial MVA<\/p>\n<p>03 de diciembre: Zaragoza &#8211; Centro C\u00edvico Delicias<\/p>\n<p>04 de diciembre: Castell\u00f3n &#8211; Teatre del Raval<\/p>\n<p>&nbsp;<\/p>\n<p>https:\/\/linktr.ee\/alejandroymarialaura<\/p>\n","protected":false},"excerpt":{"rendered":"<p>Alejandro y Mar\u00eda Laura presentar\u00e1n su nuevo \u00e1lbum en Espa\u00f1a gracias a las ayudas de movilidad de Iberm\u00fasicas y a la agencia Born! Music. Entre junio y diciembre del 2023 Alejandro y Maria Laura presentar\u00e1n su nuevo \u00e1lbum \u201cMadre Padre Marte\u201d en distintas ciudades de Europa, principalmente en Espa\u00f1a. El tour incluye la participaci\u00f3n de [&hellip;]<\/p>\n","protected":false},"author":7,"featured_media":15949,"comment_status":"closed","ping_status":"closed","sticky":false,"template":"","format":"standard","meta":{"_monsterinsights_skip_tracking":false,"_monsterinsights_sitenote_active":false,"_monsterinsights_sitenote_note":"","_monsterinsights_sitenote_category":0,"footnotes":""},"categories":[53],"tags":[],"class_list":["post-15948","post","type-post","status-publish","format-standard","has-post-thumbnail","hentry","category-noticias-generales"],"lang":"es","translations":{"es":15948,"pt":15951},"pll_sync_post":[],"post_mailing_queue_ids":[],"_links":{"self":[{"href":"https:\/\/www.ibermusicas.org\/index.php\/wp-json\/wp\/v2\/posts\/15948","targetHints":{"allow":["GET"]}}],"collection":[{"href":"https:\/\/www.ibermusicas.org\/index.php\/wp-json\/wp\/v2\/posts"}],"about":[{"href":"https:\/\/www.ibermusicas.org\/index.php\/wp-json\/wp\/v2\/types\/post"}],"author":[{"embeddable":true,"href":"https:\/\/www.ibermusicas.org\/index.php\/wp-json\/wp\/v2\/users\/7"}],"replies":[{"embeddable":true,"href":"https:\/\/www.ibermusicas.org\/index.php\/wp-json\/wp\/v2\/comments?post=15948"}],"version-history":[{"count":0,"href":"https:\/\/www.ibermusicas.org\/index.php\/wp-json\/wp\/v2\/posts\/15948\/revisions"}],"wp:featuredmedia":[{"embeddable":true,"href":"https:\/\/www.ibermusicas.org\/index.php\/wp-json\/wp\/v2\/media\/15949"}],"wp:attachment":[{"href":"https:\/\/www.ibermusicas.org\/index.php\/wp-json\/wp\/v2\/media?parent=15948"}],"wp:term":[{"taxonomy":"category","embeddable":true,"href":"https:\/\/www.ibermusicas.org\/index.php\/wp-json\/wp\/v2\/categories?post=15948"},{"taxonomy":"post_tag","embeddable":true,"href":"https:\/\/www.ibermusicas.org\/index.php\/wp-json\/wp\/v2\/tags?post=15948"}],"curies":[{"name":"wp","href":"https:\/\/api.w.org\/{rel}","templated":true}]}}