{"id":15951,"date":"2023-06-13T19:20:32","date_gmt":"2023-06-13T19:20:32","guid":{"rendered":"https:\/\/www.ibermusicas.org\/?p=15951"},"modified":"2023-06-13T19:21:08","modified_gmt":"2023-06-13T19:21:08","slug":"a-dupla-peruana-alejandro-y-maria-laura-inicia-a-sua-digressao-madre-padre-marte-em-varias-cidades-europeias","status":"publish","type":"post","link":"https:\/\/www.ibermusicas.org\/index.php\/a-dupla-peruana-alejandro-y-maria-laura-inicia-a-sua-digressao-madre-padre-marte-em-varias-cidades-europeias\/","title":{"rendered":"A dupla peruana Alejandro y Mar\u00eda Laura inicia a sua digress\u00e3o Madre Padre Marte em v\u00e1rias cidades europeias"},"content":{"rendered":"<p>Alejandro e Mar\u00eda Laura apresentar\u00e3o o seu novo \u00e1lbum em Espanha gra\u00e7as \u00e0s bolsas de mobilidade da Iberm\u00fasicas e da ag\u00eancia Born! Music agency. Entre junho e dezembro de 2023, Alejandro e Maria Laura apresentar\u00e3o o seu novo \u00e1lbum \u00abMadre Padre Marte\u00bb em diferentes cidades da Europa, principalmente em Espanha. A digress\u00e3o inclui a participa\u00e7\u00e3o da dupla no Festival Do\u00f1a e no Festival Tierra Bobal, ao lado de artistas como Aterciopelados e Julieta Venegas.<\/p>\n<p>&nbsp;<\/p>\n<p>Alejandro e Maria Laura s\u00e3o um duo, fam\u00edlia e co-comporitores do Peru. Can\u00e7\u00f5es como \u00abAg\u00fcita del Equilibrio\u00bb e \u00abUna fiesta cualquiera\u00bb os levaram a estabelecer uma liga\u00e7\u00e3o \u00edntima com um p\u00fablico que aprecia o calor das suas letras e harmonias vocais. Com mais de treze anos de experi\u00eancia, produziram quatro \u00e1lbuns e colaboraram com importantes artistas latino-americanos, como Susana Baca (Peru), Paulinho Moska (Brasil) e Kevin Johansen (Argentina).<\/p>\n<p>&nbsp;<\/p>\n<p>A dupla lan\u00e7ou recentemente seu quarto \u00e1lbum de est\u00fadio, \u00abMadre Padre Marte\u00bb, nas plataformas digitais. M\u00fasicas como \u00abSana sana\u00bb e \u00abAlgo tiene que estar mal\u00bb s\u00e3o os primeiros singles deste novo material que cont\u00e9m 13 can\u00e7\u00f5es. O novo \u00e1lbum foi gravado desde 2020 com o m\u00fasico e produtor chileno Javier Barr\u00eda. Nesta fase, \u00abLo que iba a ser\u00bb foi lan\u00e7ado com a colabora\u00e7\u00e3o de Andrea Echeverri, \u00edcone do rock na Col\u00f4mbia e l\u00edder da famosa banda Aterciopelados. A segunda fase do \u00e1lbum (2022) foi gravada no El Desierto Casa Estudio na Cidade do M\u00e9xico sob a produ\u00e7\u00e3o de Gustavo Guerrero, tamb\u00e9m produtor de artistas como Natalia Lafourcade e Silvana Estrada.<\/p>\n<p>&nbsp;<\/p>\n<p>&nbsp;<\/p>\n<p>15 de junho: Barcelona &#8211; Balt Sessions<\/p>\n<p>21 de junho: Bruxelas &#8211; mOtown Concerts<\/p>\n<p>22 de junho: Val\u00eancia &#8211; Centro Excursionista<\/p>\n<p>30 de junho: Utiel &#8211; Festival Tierra Bobal<\/p>\n<p>01 julho: Requena &#8211; Festival Tierra Bobal<\/p>\n<p>26 de agosto: La Almunia de Do\u00f1a Godina &#8211; Festival Do\u00f1a Godina<\/p>\n<p>05 de outubro: M\u00e1laga &#8211; Centro Cultural Provincial MVA<\/p>\n<p>03 de dezembro: Sarago\u00e7a &#8211; Centro C\u00edvico Delicias<\/p>\n<p>04 de dezembro: Castell\u00f3n &#8211; Teatre del Raval<\/p>\n<p>&nbsp;<\/p>\n<p><a href=\"https:\/\/linktr.ee\/alejandroymarialaura\">https:\/\/linktr.ee\/alejandroymarialaura<\/a><\/p>\n","protected":false},"excerpt":{"rendered":"<p>Alejandro e Mar\u00eda Laura apresentar\u00e3o o seu novo \u00e1lbum em Espanha gra\u00e7as \u00e0s bolsas de mobilidade da Iberm\u00fasicas e da ag\u00eancia Born! Music agency. Entre junho e dezembro de 2023, Alejandro e Maria Laura apresentar\u00e3o o seu novo \u00e1lbum \u00abMadre Padre Marte\u00bb em diferentes cidades da Europa, principalmente em Espanha. A digress\u00e3o inclui a participa\u00e7\u00e3o [&hellip;]<\/p>\n","protected":false},"author":7,"featured_media":15949,"comment_status":"closed","ping_status":"closed","sticky":false,"template":"","format":"standard","meta":{"_monsterinsights_skip_tracking":false,"_monsterinsights_sitenote_active":false,"_monsterinsights_sitenote_note":"","_monsterinsights_sitenote_category":0,"footnotes":""},"categories":[218],"tags":[],"class_list":["post-15951","post","type-post","status-publish","format-standard","has-post-thumbnail","hentry","category-noticias-generales-pt"],"lang":"pt","translations":{"pt":15951,"es":15948},"pll_sync_post":[],"post_mailing_queue_ids":[],"_links":{"self":[{"href":"https:\/\/www.ibermusicas.org\/index.php\/wp-json\/wp\/v2\/posts\/15951","targetHints":{"allow":["GET"]}}],"collection":[{"href":"https:\/\/www.ibermusicas.org\/index.php\/wp-json\/wp\/v2\/posts"}],"about":[{"href":"https:\/\/www.ibermusicas.org\/index.php\/wp-json\/wp\/v2\/types\/post"}],"author":[{"embeddable":true,"href":"https:\/\/www.ibermusicas.org\/index.php\/wp-json\/wp\/v2\/users\/7"}],"replies":[{"embeddable":true,"href":"https:\/\/www.ibermusicas.org\/index.php\/wp-json\/wp\/v2\/comments?post=15951"}],"version-history":[{"count":0,"href":"https:\/\/www.ibermusicas.org\/index.php\/wp-json\/wp\/v2\/posts\/15951\/revisions"}],"wp:featuredmedia":[{"embeddable":true,"href":"https:\/\/www.ibermusicas.org\/index.php\/wp-json\/wp\/v2\/media\/15949"}],"wp:attachment":[{"href":"https:\/\/www.ibermusicas.org\/index.php\/wp-json\/wp\/v2\/media?parent=15951"}],"wp:term":[{"taxonomy":"category","embeddable":true,"href":"https:\/\/www.ibermusicas.org\/index.php\/wp-json\/wp\/v2\/categories?post=15951"},{"taxonomy":"post_tag","embeddable":true,"href":"https:\/\/www.ibermusicas.org\/index.php\/wp-json\/wp\/v2\/tags?post=15951"}],"curies":[{"name":"wp","href":"https:\/\/api.w.org\/{rel}","templated":true}]}}