{"id":15989,"date":"2023-06-14T13:11:49","date_gmt":"2023-06-14T13:11:49","guid":{"rendered":"https:\/\/www.ibermusicas.org\/?p=15989"},"modified":"2023-06-29T12:48:00","modified_gmt":"2023-06-29T12:48:00","slug":"el-duo-panameno-monalisa-rodrigo-se-presentara-en-curitiba-brasil","status":"publish","type":"post","link":"https:\/\/www.ibermusicas.org\/index.php\/el-duo-panameno-monalisa-rodrigo-se-presentara-en-curitiba-brasil\/","title":{"rendered":"El d\u00fao paname\u00f1o Monalisa &#038; Rodrigo se presentar\u00e1 en Curitiba, Brasil"},"content":{"rendered":"<p>Monalisa &amp; Rodrigo son el du\u0301o musical ma\u0301s inclusivo en Panama\u0301. Tienen por misi\u00f3n aumentar el nivel de amor, luz, diversidad, inclusio\u0301n e igualdad para las mujeres y la comunidad LGBTQIA+ a nivel mundial a trave\u0301s de su mu\u0301sica, videos, presentaciones en vivo y talleres.<\/p>\n<p>&nbsp;<\/p>\n<p>Fueron tres veces ganadores de premios y ayudas de Iberm\u00fasicas, incluyendo la ayuda otorgada para la realizaci\u00f3n de esta gira y han representado a Panam\u00e1 en Maurer Hall at the Old Town School of Folk Music (Chicago, USA), Circulart (Colombia), FIC Festival Internacional de la Cancio\u0301n (Punta del Este, Uruguay).<\/p>\n<p>&nbsp;<\/p>\n<p>Su u\u0301ltimo a\u0301lbum se titula \u201cRube\u0301n Blades Es Su Nombre\u201d (2023). Se trata de un homenaje al maestro Blades, y cuenta con siete temas originales de la autori\u0301a del du\u0301o. Del mismo se desprenden los sencillos \u00abRube\u0301n Blades\u00bb y \u00abDiamantes\u00bb, ambos mostrando el crecimiento y madurez obtenido a lo largo de 10 an\u0303os de carrera.<\/p>\n<p>&nbsp;<\/p>\n<p>23 de junio, Teatro Paiol de Curitiba, Brasil<\/p>\n<p>&nbsp;<\/p>\n","protected":false},"excerpt":{"rendered":"<p>Monalisa &amp; Rodrigo son el du\u0301o musical ma\u0301s inclusivo en Panama\u0301. Tienen por misi\u00f3n aumentar el nivel de amor, luz, diversidad, inclusio\u0301n e igualdad para las mujeres y la comunidad LGBTQIA+ a nivel mundial a trave\u0301s de su mu\u0301sica, videos, presentaciones en vivo y talleres. &nbsp; Fueron tres veces ganadores de premios y ayudas de [&hellip;]<\/p>\n","protected":false},"author":7,"featured_media":15990,"comment_status":"closed","ping_status":"closed","sticky":false,"template":"","format":"standard","meta":{"_monsterinsights_skip_tracking":false,"_monsterinsights_sitenote_active":false,"_monsterinsights_sitenote_note":"","_monsterinsights_sitenote_category":0,"footnotes":""},"categories":[53],"tags":[],"class_list":["post-15989","post","type-post","status-publish","format-standard","has-post-thumbnail","hentry","category-noticias-generales"],"lang":"es","translations":{"es":15989,"pt":15992},"pll_sync_post":[],"post_mailing_queue_ids":[],"_links":{"self":[{"href":"https:\/\/www.ibermusicas.org\/index.php\/wp-json\/wp\/v2\/posts\/15989","targetHints":{"allow":["GET"]}}],"collection":[{"href":"https:\/\/www.ibermusicas.org\/index.php\/wp-json\/wp\/v2\/posts"}],"about":[{"href":"https:\/\/www.ibermusicas.org\/index.php\/wp-json\/wp\/v2\/types\/post"}],"author":[{"embeddable":true,"href":"https:\/\/www.ibermusicas.org\/index.php\/wp-json\/wp\/v2\/users\/7"}],"replies":[{"embeddable":true,"href":"https:\/\/www.ibermusicas.org\/index.php\/wp-json\/wp\/v2\/comments?post=15989"}],"version-history":[{"count":0,"href":"https:\/\/www.ibermusicas.org\/index.php\/wp-json\/wp\/v2\/posts\/15989\/revisions"}],"wp:featuredmedia":[{"embeddable":true,"href":"https:\/\/www.ibermusicas.org\/index.php\/wp-json\/wp\/v2\/media\/15990"}],"wp:attachment":[{"href":"https:\/\/www.ibermusicas.org\/index.php\/wp-json\/wp\/v2\/media?parent=15989"}],"wp:term":[{"taxonomy":"category","embeddable":true,"href":"https:\/\/www.ibermusicas.org\/index.php\/wp-json\/wp\/v2\/categories?post=15989"},{"taxonomy":"post_tag","embeddable":true,"href":"https:\/\/www.ibermusicas.org\/index.php\/wp-json\/wp\/v2\/tags?post=15989"}],"curies":[{"name":"wp","href":"https:\/\/api.w.org\/{rel}","templated":true}]}}