{"id":16017,"date":"2023-06-14T14:08:34","date_gmt":"2023-06-14T14:08:34","guid":{"rendered":"https:\/\/www.ibermusicas.org\/?p=16017"},"modified":"2023-06-14T14:11:36","modified_gmt":"2023-06-14T14:11:36","slug":"llega-el-arlbum-une-ll-del-pianista-guitarrista-y-compositor-peruano-kenneth-saravia-y-la-cantante-percusionista-y-compositora-argentina-maga-falcoff","status":"publish","type":"post","link":"https:\/\/www.ibermusicas.org\/index.php\/llega-el-arlbum-une-ll-del-pianista-guitarrista-y-compositor-peruano-kenneth-saravia-y-la-cantante-percusionista-y-compositora-argentina-maga-falcoff\/","title":{"rendered":"Llega el \u00e1rlbum UNE ll del pianista, guitarrista y compositor peruano Kenneth Saravia y la cantante, percusionista y compositora argentina Maga Falcoff"},"content":{"rendered":"<p>El 30 de junio de 2023\u00a0 ser\u00e1 el d\u00eda del lanzamiento del \u00e1lbum UNE ll, segundo disco del d\u00fao conformado por Kenneth Saravia (pianista, guitarrista y compositor de Per\u00fa) y Maga Falcoff (cantante, percusionista y compositora de Argentina) realizado gracias al apoyo de Iberm\u00fasicas.<\/p>\n<p>El \u00e1lbum fue compuesto, ensayado y grabado de manera virtual en su totalidad y tiene como eje principal dar a conocer lenguas nativas y estilos musicales no tan difundidos de Argentina y de Per\u00fa. Consta de seis temas, cuatro composiciones basadas en ritmos tradicionales, mixturadas con una impronta m\u00e1s actual y personal y dos versiones de canciones folcl\u00f3ricas en quechua, idioma que existe en ambos pa\u00edses.<\/p>\n<p>El d\u00fao UNE surge entre Argentina y Per\u00fa en base a investigaciones de la m\u00fasica latinoamericana. Sus composiciones fusionan ritmos, culturas, texturas, estilos entre pa\u00edses, conviviendo la ra\u00edz con lo actual, desde el rock, pop, hasta el folklore latinoamericano.<\/p>\n<p>A partir del 30 de junio en todas las plataformas digitales<\/p>\n","protected":false},"excerpt":{"rendered":"<p>El 30 de junio de 2023\u00a0 ser\u00e1 el d\u00eda del lanzamiento del \u00e1lbum UNE ll, segundo disco del d\u00fao conformado por Kenneth Saravia (pianista, guitarrista y compositor de Per\u00fa) y Maga Falcoff (cantante, percusionista y compositora de Argentina) realizado gracias al apoyo de Iberm\u00fasicas. El \u00e1lbum fue compuesto, ensayado y grabado de manera virtual en [&hellip;]<\/p>\n","protected":false},"author":7,"featured_media":16018,"comment_status":"closed","ping_status":"closed","sticky":false,"template":"","format":"standard","meta":{"_monsterinsights_skip_tracking":false,"_monsterinsights_sitenote_active":false,"_monsterinsights_sitenote_note":"","_monsterinsights_sitenote_category":0,"footnotes":""},"categories":[53],"tags":[],"class_list":["post-16017","post","type-post","status-publish","format-standard","has-post-thumbnail","hentry","category-noticias-generales"],"lang":"es","translations":{"es":16017,"pt":16020},"pll_sync_post":[],"post_mailing_queue_ids":[],"_links":{"self":[{"href":"https:\/\/www.ibermusicas.org\/index.php\/wp-json\/wp\/v2\/posts\/16017","targetHints":{"allow":["GET"]}}],"collection":[{"href":"https:\/\/www.ibermusicas.org\/index.php\/wp-json\/wp\/v2\/posts"}],"about":[{"href":"https:\/\/www.ibermusicas.org\/index.php\/wp-json\/wp\/v2\/types\/post"}],"author":[{"embeddable":true,"href":"https:\/\/www.ibermusicas.org\/index.php\/wp-json\/wp\/v2\/users\/7"}],"replies":[{"embeddable":true,"href":"https:\/\/www.ibermusicas.org\/index.php\/wp-json\/wp\/v2\/comments?post=16017"}],"version-history":[{"count":0,"href":"https:\/\/www.ibermusicas.org\/index.php\/wp-json\/wp\/v2\/posts\/16017\/revisions"}],"wp:featuredmedia":[{"embeddable":true,"href":"https:\/\/www.ibermusicas.org\/index.php\/wp-json\/wp\/v2\/media\/16018"}],"wp:attachment":[{"href":"https:\/\/www.ibermusicas.org\/index.php\/wp-json\/wp\/v2\/media?parent=16017"}],"wp:term":[{"taxonomy":"category","embeddable":true,"href":"https:\/\/www.ibermusicas.org\/index.php\/wp-json\/wp\/v2\/categories?post=16017"},{"taxonomy":"post_tag","embeddable":true,"href":"https:\/\/www.ibermusicas.org\/index.php\/wp-json\/wp\/v2\/tags?post=16017"}],"curies":[{"name":"wp","href":"https:\/\/api.w.org\/{rel}","templated":true}]}}