{"id":16230,"date":"2023-06-29T13:34:47","date_gmt":"2023-06-29T13:34:47","guid":{"rendered":"https:\/\/www.ibermusicas.org\/?p=16230"},"modified":"2023-07-14T19:38:23","modified_gmt":"2023-07-14T19:38:23","slug":"el-programa-ibermusicas-invita-a-un-encuentro-abierto-con-su-unidad-tecnica","status":"publish","type":"post","link":"https:\/\/www.ibermusicas.org\/index.php\/el-programa-ibermusicas-invita-a-un-encuentro-abierto-con-su-unidad-tecnica\/","title":{"rendered":"El Programa Iberm\u00fasicas invita a un encuentro abierto con su Unidad T\u00e9cnica"},"content":{"rendered":"<p>Con el \u00e1nimo de democratizar a\u00fan m\u00e1s el acceso a nuestras convocatorias y a la vez sentirnos m\u00e1s cerca todav\u00eda de todo el sector musical iberoamericano, Iberm\u00fasicas propone un encuentro virtual con la Unidad T\u00e9cnica del Programa. Ser\u00e1 un encuentro destinado a todas y todas los participantes que quieran sumarse.<\/p>\n<p>&nbsp;<\/p>\n<p>En este encuentro se abordar\u00e1n aspectos pr\u00e1cticos sobre cada una de las diez convocatorias 2023 para actividades 2024 y se compartir\u00e1n detalles y recomendaciones para ser aplicadas al momento de dise\u00f1ar y presentar los proyectos.<\/p>\n<p>Habr\u00e1 dos encuentros, uno destinado a los pa\u00edses de habla hispana y otro para los pa\u00edses de lengua portuguesa.<\/p>\n<p>Jueves 6 de julio<\/p>\n<ul>\n<li>10 h MX, CUB, CR, MX,<\/li>\n<li>11 h COL, EC, PAN, PER<\/li>\n<li>12 h CHI, CUB, PAR, VZ<\/li>\n<li>13 h ARG, URU<\/li>\n<li>18 h ESP<\/li>\n<\/ul>\n<p>meet.jit.si\/Consejointergubernamentalibermusicas<\/p>\n<p>&nbsp;<\/p>\n","protected":false},"excerpt":{"rendered":"<p>Con el \u00e1nimo de democratizar a\u00fan m\u00e1s el acceso a nuestras convocatorias y a la vez sentirnos m\u00e1s cerca todav\u00eda de todo el sector musical iberoamericano, Iberm\u00fasicas propone un encuentro virtual con la Unidad T\u00e9cnica del Programa. Ser\u00e1 un encuentro destinado a todas y todas los participantes que quieran sumarse. &nbsp; En este encuentro se [&hellip;]<\/p>\n","protected":false},"author":7,"featured_media":16231,"comment_status":"closed","ping_status":"closed","sticky":false,"template":"","format":"standard","meta":{"_monsterinsights_skip_tracking":false,"_monsterinsights_sitenote_active":false,"_monsterinsights_sitenote_note":"","_monsterinsights_sitenote_category":0,"footnotes":""},"categories":[53],"tags":[],"class_list":["post-16230","post","type-post","status-publish","format-standard","has-post-thumbnail","hentry","category-noticias-generales"],"lang":"es","translations":{"es":16230,"pt":16233},"pll_sync_post":[],"post_mailing_queue_ids":[],"_links":{"self":[{"href":"https:\/\/www.ibermusicas.org\/index.php\/wp-json\/wp\/v2\/posts\/16230","targetHints":{"allow":["GET"]}}],"collection":[{"href":"https:\/\/www.ibermusicas.org\/index.php\/wp-json\/wp\/v2\/posts"}],"about":[{"href":"https:\/\/www.ibermusicas.org\/index.php\/wp-json\/wp\/v2\/types\/post"}],"author":[{"embeddable":true,"href":"https:\/\/www.ibermusicas.org\/index.php\/wp-json\/wp\/v2\/users\/7"}],"replies":[{"embeddable":true,"href":"https:\/\/www.ibermusicas.org\/index.php\/wp-json\/wp\/v2\/comments?post=16230"}],"version-history":[{"count":0,"href":"https:\/\/www.ibermusicas.org\/index.php\/wp-json\/wp\/v2\/posts\/16230\/revisions"}],"wp:featuredmedia":[{"embeddable":true,"href":"https:\/\/www.ibermusicas.org\/index.php\/wp-json\/wp\/v2\/media\/16231"}],"wp:attachment":[{"href":"https:\/\/www.ibermusicas.org\/index.php\/wp-json\/wp\/v2\/media?parent=16230"}],"wp:term":[{"taxonomy":"category","embeddable":true,"href":"https:\/\/www.ibermusicas.org\/index.php\/wp-json\/wp\/v2\/categories?post=16230"},{"taxonomy":"post_tag","embeddable":true,"href":"https:\/\/www.ibermusicas.org\/index.php\/wp-json\/wp\/v2\/tags?post=16230"}],"curies":[{"name":"wp","href":"https:\/\/api.w.org\/{rel}","templated":true}]}}