{"id":16235,"date":"2023-06-29T13:43:31","date_gmt":"2023-06-29T13:43:31","guid":{"rendered":"https:\/\/www.ibermusicas.org\/?p=16235"},"modified":"2023-07-31T17:23:56","modified_gmt":"2023-07-31T17:23:56","slug":"rios-la-red-iberoamericana-de-orquestas-sinfonicas-anuncia-sus-proximas-actividades-2","status":"publish","type":"post","link":"https:\/\/www.ibermusicas.org\/index.php\/rios-la-red-iberoamericana-de-orquestas-sinfonicas-anuncia-sus-proximas-actividades-2\/","title":{"rendered":"RIOS, la Red Iberoamericana de Orquestas sinf\u00f3nicas, anuncia sus pr\u00f3ximas actividades"},"content":{"rendered":"<p><u>Grupo de intercambios:<\/u> En julio se realizar\u00e1 la primera reuni\u00f3n del grupo especial dedicado a compartir informaci\u00f3n para propiciar intercambios entre las orquestas, tanto de directores y solistas invitados como de material orquestal y proyectos especiales. Los programadores y directores art\u00edsticos que deseen sumarse a esta iniciativa pueden solicitar su inclusi\u00f3n al grupo escribiendo al correo: <a href=\"mailto:rios.orquestas@gmail.com\">rios.orquestas@gmail.com<\/a><\/p>\n<p>&nbsp;<\/p>\n<p><u>Seminario de Posgrado en Direcci\u00f3n Orquestal en Buenos Aires:<\/u> La Mtra. Ligia Amadio de Brasil dictar\u00e1 un seminario presencial para j\u00f3venes directores de orquesta en la ciudad de Buenos Aires, Argentina, durante el mes de octubre. Lo organizan la Orquesta Sinf\u00f3nica Nacional, Ministerio de Cultura de Argentina y la Universidad Nacional de las Artes. La actividad no es arancelada (gastos de traslados y estad\u00eda a cargo de cada participante). Cierre de la inscripci\u00f3n: 14 de julio de 2023. Se anunciar\u00e1n los participantes activos y oyentes admitidos del 1 al 4 de agosto de 2023.<\/p>\n<p>Consultas: <a href=\"mailto:capacitacionosn@gmail.com\">capacitacionosn@gmail.com<\/a><\/p>\n<p>&nbsp;<\/p>\n<p>La Red Iberoamericana de Orquestas Sinf\u00f3nicas (RIOS) es la organizaci\u00f3n que conecta a las orquestas profesionales de la regi\u00f3n, bajo el auspicio del Programa Iberm\u00fasicas.<\/p>\n<p>Su prop\u00f3sito es servir de referente a las orquestas sinf\u00f3nicas en Iberoam\u00e9rica, articulando proyectos en la regi\u00f3n y con el resto del mundo, y llevando adelante una agenda com\u00fan de acciones conjuntas para el fomento de las instituciones y la actividad sinf\u00f3nica.<\/p>\n<p><em>\u00a0<\/em><\/p>\n","protected":false},"excerpt":{"rendered":"<p>Grupo de intercambios: En julio se realizar\u00e1 la primera reuni\u00f3n del grupo especial dedicado a compartir informaci\u00f3n para propiciar intercambios entre las orquestas, tanto de directores y solistas invitados como de material orquestal y proyectos especiales. Los programadores y directores art\u00edsticos que deseen sumarse a esta iniciativa pueden solicitar su inclusi\u00f3n al grupo escribiendo al [&hellip;]<\/p>\n","protected":false},"author":7,"featured_media":16236,"comment_status":"closed","ping_status":"closed","sticky":false,"template":"","format":"standard","meta":{"_monsterinsights_skip_tracking":false,"_monsterinsights_sitenote_active":false,"_monsterinsights_sitenote_note":"","_monsterinsights_sitenote_category":0,"footnotes":""},"categories":[53],"tags":[],"class_list":["post-16235","post","type-post","status-publish","format-standard","has-post-thumbnail","hentry","category-noticias-generales"],"lang":"es","translations":{"es":16235,"pt":16239},"pll_sync_post":[],"post_mailing_queue_ids":[],"_links":{"self":[{"href":"https:\/\/www.ibermusicas.org\/index.php\/wp-json\/wp\/v2\/posts\/16235","targetHints":{"allow":["GET"]}}],"collection":[{"href":"https:\/\/www.ibermusicas.org\/index.php\/wp-json\/wp\/v2\/posts"}],"about":[{"href":"https:\/\/www.ibermusicas.org\/index.php\/wp-json\/wp\/v2\/types\/post"}],"author":[{"embeddable":true,"href":"https:\/\/www.ibermusicas.org\/index.php\/wp-json\/wp\/v2\/users\/7"}],"replies":[{"embeddable":true,"href":"https:\/\/www.ibermusicas.org\/index.php\/wp-json\/wp\/v2\/comments?post=16235"}],"version-history":[{"count":0,"href":"https:\/\/www.ibermusicas.org\/index.php\/wp-json\/wp\/v2\/posts\/16235\/revisions"}],"wp:featuredmedia":[{"embeddable":true,"href":"https:\/\/www.ibermusicas.org\/index.php\/wp-json\/wp\/v2\/media\/16236"}],"wp:attachment":[{"href":"https:\/\/www.ibermusicas.org\/index.php\/wp-json\/wp\/v2\/media?parent=16235"}],"wp:term":[{"taxonomy":"category","embeddable":true,"href":"https:\/\/www.ibermusicas.org\/index.php\/wp-json\/wp\/v2\/categories?post=16235"},{"taxonomy":"post_tag","embeddable":true,"href":"https:\/\/www.ibermusicas.org\/index.php\/wp-json\/wp\/v2\/tags?post=16235"}],"curies":[{"name":"wp","href":"https:\/\/api.w.org\/{rel}","templated":true}]}}