{"id":16239,"date":"2023-06-29T13:44:53","date_gmt":"2023-06-29T13:44:53","guid":{"rendered":"https:\/\/www.ibermusicas.org\/?p=16239"},"modified":"2023-07-31T17:26:46","modified_gmt":"2023-07-31T17:26:46","slug":"rios-a-rede-ibero-americana-de-orquestras-sinfonicas-anuncia-as-suas-proximas-actividades-2","status":"publish","type":"post","link":"https:\/\/www.ibermusicas.org\/index.php\/rios-a-rede-ibero-americana-de-orquestras-sinfonicas-anuncia-as-suas-proximas-actividades-2\/","title":{"rendered":"RIOS, a Rede Ibero-Americana de Orquestras Sinf\u00f3nicas, anuncia as suas pr\u00f3ximas actividades"},"content":{"rendered":"<p><u>Grupo de interc\u00e2mbio:<\/u> Em julho realizaremos o primeiro encontro do grupo especial dedicado ao compartilhamento de informa\u00e7\u00f5es para promover o interc\u00e2mbio entre nossas orquestras, tanto maestros quanto solistas convidados, bem como material orquestral e projetos especiais. Os programadores e diretores art\u00edsticos que queiram aderir a esta iniciativa podem solicitar a sua inclus\u00e3o no grupo escrevendo para o correio: <a href=\"mailto:rios.orquestas@gmail.com\">rios.orquestas@gmail.com<\/a><\/p>\n<p>&nbsp;<\/p>\n<p>&nbsp;<\/p>\n<p>&nbsp;<\/p>\n<p><u>Semin\u00e1rio de P\u00f3s-Gradua\u00e7\u00e3o em Reg\u00eancia em Buenos Aires:<\/u> A Mtra. Ligia Amadio do Brasil ministrar\u00e1 um semin\u00e1rio presencial para jovens regentes de orquestra na cidade de Buenos Aires, Argentina, durante o m\u00eas de outubro. \u00c9 organizado pela Orquestra Sinf\u00f4nica Nacional, o Minist\u00e9rio da Cultura da Argentina e a Universidade Nacional das Artes. A actividade \u00e9 gratuita (despesas de desloca\u00e7\u00e3o e alojamento a cargo de cada participante). Encerramento das inscri\u00e7\u00f5es: 14 de julho de 2023. Os participantes ativos e ouvintes admitidos ser\u00e3o anunciados de 1 a 4 de agosto de 2023.<\/p>\n<p>&nbsp;<\/p>\n<p>Informa\u00e7\u00f5es: <a href=\"mailto:capacitacionosn@gmail.com\">capacitacionosn@gmail.com<\/a><\/p>\n<p>&nbsp;<\/p>\n<p>A Rede Ibero-Americana de Orquestras Sinf\u00f3nicas (RIOS) \u00e9 a organiza\u00e7\u00e3o que liga as orquestras profissionais da regi\u00e3o, sob os ausp\u00edcios do Programa Iberm\u00fasicas.<\/p>\n<p>&nbsp;<\/p>\n<p>Seu prop\u00f3sito \u00e9 servir de refer\u00eancia \u00e0s orquestras sinf\u00f4nicas na Iberoam\u00e9rica, articulando projetos na regi\u00e3o e com o resto do mundo, e levando adiante uma agenda comum de a\u00e7\u00f5es conjuntas para o fomento das institui\u00e7\u00f5es e a atividade sinf\u00f4nica.<\/p>\n<p><em>\u00a0<\/em><\/p>\n","protected":false},"excerpt":{"rendered":"<p>Grupo de interc\u00e2mbio: Em julho realizaremos o primeiro encontro do grupo especial dedicado ao compartilhamento de informa\u00e7\u00f5es para promover o interc\u00e2mbio entre nossas orquestras, tanto maestros quanto solistas convidados, bem como material orquestral e projetos especiais. Os programadores e diretores art\u00edsticos que queiram aderir a esta iniciativa podem solicitar a sua inclus\u00e3o no grupo escrevendo [&hellip;]<\/p>\n","protected":false},"author":7,"featured_media":16236,"comment_status":"closed","ping_status":"closed","sticky":false,"template":"","format":"standard","meta":{"_monsterinsights_skip_tracking":false,"_monsterinsights_sitenote_active":false,"_monsterinsights_sitenote_note":"","_monsterinsights_sitenote_category":0,"footnotes":""},"categories":[218],"tags":[],"class_list":["post-16239","post","type-post","status-publish","format-standard","has-post-thumbnail","hentry","category-noticias-generales-pt"],"lang":"pt","translations":{"pt":16239,"es":16235},"pll_sync_post":[],"post_mailing_queue_ids":[],"_links":{"self":[{"href":"https:\/\/www.ibermusicas.org\/index.php\/wp-json\/wp\/v2\/posts\/16239","targetHints":{"allow":["GET"]}}],"collection":[{"href":"https:\/\/www.ibermusicas.org\/index.php\/wp-json\/wp\/v2\/posts"}],"about":[{"href":"https:\/\/www.ibermusicas.org\/index.php\/wp-json\/wp\/v2\/types\/post"}],"author":[{"embeddable":true,"href":"https:\/\/www.ibermusicas.org\/index.php\/wp-json\/wp\/v2\/users\/7"}],"replies":[{"embeddable":true,"href":"https:\/\/www.ibermusicas.org\/index.php\/wp-json\/wp\/v2\/comments?post=16239"}],"version-history":[{"count":0,"href":"https:\/\/www.ibermusicas.org\/index.php\/wp-json\/wp\/v2\/posts\/16239\/revisions"}],"wp:featuredmedia":[{"embeddable":true,"href":"https:\/\/www.ibermusicas.org\/index.php\/wp-json\/wp\/v2\/media\/16236"}],"wp:attachment":[{"href":"https:\/\/www.ibermusicas.org\/index.php\/wp-json\/wp\/v2\/media?parent=16239"}],"wp:term":[{"taxonomy":"category","embeddable":true,"href":"https:\/\/www.ibermusicas.org\/index.php\/wp-json\/wp\/v2\/categories?post=16239"},{"taxonomy":"post_tag","embeddable":true,"href":"https:\/\/www.ibermusicas.org\/index.php\/wp-json\/wp\/v2\/tags?post=16239"}],"curies":[{"name":"wp","href":"https:\/\/api.w.org\/{rel}","templated":true}]}}