{"id":16257,"date":"2023-06-29T16:36:23","date_gmt":"2023-06-29T16:36:23","guid":{"rendered":"https:\/\/www.ibermusicas.org\/?p=16257"},"modified":"2023-07-31T17:23:46","modified_gmt":"2023-07-31T17:23:46","slug":"el-festival-brasil-peru-instrumental-suma-nuevas-actividades","status":"publish","type":"post","link":"https:\/\/www.ibermusicas.org\/index.php\/el-festival-brasil-peru-instrumental-suma-nuevas-actividades\/","title":{"rendered":"El Festival Brasil Per\u00fa Instrumental suma nuevas actividades"},"content":{"rendered":"<p>El Festival Instrumental Brasil\/Per\u00fa, proyecto patrocinado por Ibem\u00fasicas por medio de las \u201cAyudas al sector musical para la Programaci\u00f3n Iberoamericana\u201d, ser\u00e1 realizado por la Associa\u00e7\u00e3o Brasil Cultural, Chal\u00e9 das Artes y entidades asociadas, en las ciudades del Estado de S\u00e3o Paulo: Tatu\u00ed, Sorocaba, Campinasy S\u00e3o Carlos, y de Santa Catarina: Itaja\u00ed y Florian\u00f3polis en el per\u00edodo del 28 de junio al 24 de julio de 2023, bajo la coordinaci\u00f3n general del maestro y compositor Paulo Flores. El Festival contar\u00e1 con la participaci\u00f3n de la flautista Luc\u00eda Seijas Garcia, el guitarrista Juan Pareja y el percusionista Italo Bracamonte, m\u00fasicos peruanos que forman el grupo Llaqta, especializado en la promoci\u00f3n de la m\u00fasica folcl\u00f3rica peruana, con talleres, conciertos y debates, donde el foco ser\u00e1n los ritmos peruanos en simbiosis creativa con el choro y otros estilos brasile\u00f1os y eruditos.<\/p>\n<p>&nbsp;<\/p>\n<p>Ser\u00e1n m\u00e1s de 20 d\u00edas de interacci\u00f3n virtual y presencial entre m\u00fasicos brasile\u00f1os y peruanos para la creaci\u00f3n y producci\u00f3n de material in\u00e9dito con transmisi\u00f3n y grabaci\u00f3n de v\u00eddeos y audios en las redes y plataformas digitales.<\/p>\n<p>&nbsp;<\/p>\n<p>Durante el mes de julio el Festival tendr\u00e1 actividades en Tatu\u00ed en colaboraci\u00f3n con el Ayuntamiento, en el Ceu das Artes con talleres de ritmos peruanos y con una presentaci\u00f3n en Plaza da Matriz. En Campinas en Cia Sarau y Rabeca Cultura, en S\u00e3o Carlos en Gabrielle Cultural Lounge y Ufscar y en Sorocaba en el Hub, extendi\u00e9ndose en su \u00faltima semana a Santa Catarina en Itaja\u00ed en el Simposio de Cuerdas Pulsadas y en Florian\u00f3polis en lugar a ser anunciado, siempre con conciertos y talleres para los interesados que podr\u00e1n llevar sus instrumentos y participar de esta simbiosis de ritmos peruanos y brasile\u00f1os.<\/p>\n<p>&nbsp;<\/p>\n<p>Todos los eventos se cerrar\u00e1n con un concierto del grupo Llaqta, especializado en m\u00fasica folcl\u00f3rica peruana, con la participaci\u00f3n del director del proyecto, Paulo Flores. Asimismo, durante este periodo se celebrar\u00e1n debates y encuentros presenciales y virtuales sobre los posibles caminos conjuntos de la cultura latinoamericana en un momento en el que Brasil est\u00e1 tomando protagonismo mundial como m\u00e1ximo portavoz del Mercosur y del Sur Global.<\/p>\n<p><strong>\u00a0<\/strong><\/p>\n<p><strong>\u00a0<\/strong><\/p>\n<ul>\n<li>01 de julio, Campinas\/SP Cia Sarau R. Jos\u00e9 Martins 1899 VS Isabel Bar\u00e3o Geraldo<\/li>\n<li>02 julio, Campinas\/SP Rabeca Cultural Av. Dona Maria Franco Salgado, 250 &#8211; Jd Atibaia Sousas<\/li>\n<li>04 de julio, Sorocaba\/SP HUB Av. S\u00e3o Paulo, 1536 &#8211; \u00c1rvore Grande<\/li>\n<li>05 de julio, 14h Taller de ritmos peruanos, Ceu Das Artes, Tatu\u00ed<\/li>\n<li>06 de julio, 14h Taller de ritmos peruanos, Ceu Das Artes, Tatu\u00ed, Brasil<\/li>\n<li>12 de julio, 14.00 h Taller de ritmos peruanos, Ceu Das Artes, Tatu\u00ed<\/li>\n<li>13 de julio, 14.00 h. Taller de ritmos peruanos, Ceu Das Artes, Tatu\u00ed<\/li>\n<li>14 de julio, S\u00e3o Carlos\/SP<\/li>\n<li>15 de julio, S\u00e3o Carlos\/SP Ufscar con la orquesta Big Boom @bbobigband<\/li>\n<li>16 de julio, Itaja\u00ed\/SC Roda de Choro &#8211; Mercado Municipal<\/li>\n<li>17 de julio, Itaja\u00ed\/SC Museo Hist\u00f3rico<\/li>\n<li>18 de julio, Itaja\u00ed\/SC Museo Hist\u00f3rico<\/li>\n<li>20 de julio 14h Taller de ritmos peruanos, Ceu Das Artes, Tatu\u00ed<\/li>\n<li>21 de julio, 14h Taller de ritmos peruanos, Ceu Das Artes, Tatu\u00ed<\/li>\n<li>22 de julio, Tatu\u00ed Coreto da Pra\u00e7a da Matriz<\/li>\n<\/ul>\n<p>&nbsp;<\/p>\n<p>&nbsp;<\/p>\n<p>V\u00eddeos, entrevistas y noticias en: www.brasilinstrumental.com<\/p>\n","protected":false},"excerpt":{"rendered":"<p>El Festival Instrumental Brasil\/Per\u00fa, proyecto patrocinado por Ibem\u00fasicas por medio de las \u201cAyudas al sector musical para la Programaci\u00f3n Iberoamericana\u201d, ser\u00e1 realizado por la Associa\u00e7\u00e3o Brasil Cultural, Chal\u00e9 das Artes y entidades asociadas, en las ciudades del Estado de S\u00e3o Paulo: Tatu\u00ed, Sorocaba, Campinasy S\u00e3o Carlos, y de Santa Catarina: Itaja\u00ed y Florian\u00f3polis en el [&hellip;]<\/p>\n","protected":false},"author":7,"featured_media":16258,"comment_status":"closed","ping_status":"closed","sticky":false,"template":"","format":"standard","meta":{"_monsterinsights_skip_tracking":false,"_monsterinsights_sitenote_active":false,"_monsterinsights_sitenote_note":"","_monsterinsights_sitenote_category":0,"footnotes":""},"categories":[53],"tags":[],"class_list":["post-16257","post","type-post","status-publish","format-standard","has-post-thumbnail","hentry","category-noticias-generales"],"lang":"es","translations":{"es":16257,"pt":16260},"pll_sync_post":[],"post_mailing_queue_ids":[],"_links":{"self":[{"href":"https:\/\/www.ibermusicas.org\/index.php\/wp-json\/wp\/v2\/posts\/16257","targetHints":{"allow":["GET"]}}],"collection":[{"href":"https:\/\/www.ibermusicas.org\/index.php\/wp-json\/wp\/v2\/posts"}],"about":[{"href":"https:\/\/www.ibermusicas.org\/index.php\/wp-json\/wp\/v2\/types\/post"}],"author":[{"embeddable":true,"href":"https:\/\/www.ibermusicas.org\/index.php\/wp-json\/wp\/v2\/users\/7"}],"replies":[{"embeddable":true,"href":"https:\/\/www.ibermusicas.org\/index.php\/wp-json\/wp\/v2\/comments?post=16257"}],"version-history":[{"count":0,"href":"https:\/\/www.ibermusicas.org\/index.php\/wp-json\/wp\/v2\/posts\/16257\/revisions"}],"wp:featuredmedia":[{"embeddable":true,"href":"https:\/\/www.ibermusicas.org\/index.php\/wp-json\/wp\/v2\/media\/16258"}],"wp:attachment":[{"href":"https:\/\/www.ibermusicas.org\/index.php\/wp-json\/wp\/v2\/media?parent=16257"}],"wp:term":[{"taxonomy":"category","embeddable":true,"href":"https:\/\/www.ibermusicas.org\/index.php\/wp-json\/wp\/v2\/categories?post=16257"},{"taxonomy":"post_tag","embeddable":true,"href":"https:\/\/www.ibermusicas.org\/index.php\/wp-json\/wp\/v2\/tags?post=16257"}],"curies":[{"name":"wp","href":"https:\/\/api.w.org\/{rel}","templated":true}]}}