{"id":16262,"date":"2023-06-29T17:02:57","date_gmt":"2023-06-29T17:02:57","guid":{"rendered":"https:\/\/www.ibermusicas.org\/?p=16262"},"modified":"2023-07-31T17:23:40","modified_gmt":"2023-07-31T17:23:40","slug":"xii-festival-internacional-de-flautas-de-costa-rica","status":"publish","type":"post","link":"https:\/\/www.ibermusicas.org\/index.php\/xii-festival-internacional-de-flautas-de-costa-rica\/","title":{"rendered":"XII Festival Internacional de Flautas de Costa Rica"},"content":{"rendered":"<p>Mediante sus \u201cAyudas al sector musical para la programaci\u00f3n iberoamericana\u201d, el Programa Iberm\u00fasicas apoya la realizaci\u00f3n del XII Festival Internacional de Flautas de Costa Rica que reunir\u00e1 a flautistas de diversas partes del mundo quienes compartir\u00e1n conciertos, conferencias, talleres y clases magistrales.<\/p>\n<p>&nbsp;<\/p>\n<p>El Festival contar\u00e1 con la participaci\u00f3n de 17 invitados internacionales, entre los cuales destacan algunos de los flautistas m\u00e1s reconocidos de la actualidad como el brasile\u00f1o Rogerio Wolf, el argentino Horacio Massone, la estadounidense Jennifer Grim, el suizo Michel Bellavance, la inglesa Susan Milan y la estadounidense Angeleita Floyd, entre otros.<\/p>\n<p>&nbsp;<\/p>\n<p>La XII edici\u00f3n del festival se realizar\u00e1 en diferentes espacios como el Centro Nacional de la M\u00fasica, el sal\u00f3n dorado de la Canciller\u00eda de la Rep\u00fablica, el Museo Nacional, la Asamblea Legislativa y la Catedral Metropolitana. Se ver\u00e1n beneficiados m\u00e1s de 150 estudiantes de Costa Rica, Panam\u00e1, Nicaragua y otros pa\u00edses latinoamericanos.<\/p>\n<p>Uno de los principales objetivos de este festival es proporcionar a todos los estudiantes de flauta de las diferentes escuelas de m\u00fasica, una nueva experiencia y un apoyo en su etapa de aprendizaje. Esta oportunidad no es solamente para los j\u00f3venes estudiantes, sino que los profesionales reciben un apoyo en la ense\u00f1anza de la flauta en el pa\u00eds.<\/p>\n<p>&nbsp;<\/p>\n<p>El XII Festival Internacional de Flauta cuenta con el auspicio de Iberm\u00fasicas, el Ministerio de Cultura y Juventud, el Centro Nacional de la M\u00fasica, la Embajada de Gran Breta\u00f1a y la Municipalidad de San Jos\u00e9.<\/p>\n<p>&nbsp;<\/p>\n<p>Del 3 al 8 julio, San Jos\u00e9, Costa Rica<\/p>\n<p>Para m\u00e1s informaci\u00f3n: <a href=\"mailto:dleon@cnm.go.cr\">dleon@cnm.go.cr<\/a><\/p>\n<p>(Unidad de Promoci\u00f3n Art\u00edstica y Relaciones P\u00fablicas)<\/p>\n<p><a href=\"https:\/\/www.facebook.com\/FlautasCostaRica\">https:\/\/www.facebook.com\/FlautasCostaRica<\/a><\/p>\n","protected":false},"excerpt":{"rendered":"<p>Mediante sus \u201cAyudas al sector musical para la programaci\u00f3n iberoamericana\u201d, el Programa Iberm\u00fasicas apoya la realizaci\u00f3n del XII Festival Internacional de Flautas de Costa Rica que reunir\u00e1 a flautistas de diversas partes del mundo quienes compartir\u00e1n conciertos, conferencias, talleres y clases magistrales. &nbsp; El Festival contar\u00e1 con la participaci\u00f3n de 17 invitados internacionales, entre los [&hellip;]<\/p>\n","protected":false},"author":7,"featured_media":16264,"comment_status":"closed","ping_status":"closed","sticky":false,"template":"","format":"standard","meta":{"_monsterinsights_skip_tracking":false,"_monsterinsights_sitenote_active":false,"_monsterinsights_sitenote_note":"","_monsterinsights_sitenote_category":0,"footnotes":""},"categories":[53],"tags":[],"class_list":["post-16262","post","type-post","status-publish","format-standard","has-post-thumbnail","hentry","category-noticias-generales"],"lang":"es","translations":{"es":16262,"pt":16266},"pll_sync_post":[],"post_mailing_queue_ids":[],"_links":{"self":[{"href":"https:\/\/www.ibermusicas.org\/index.php\/wp-json\/wp\/v2\/posts\/16262","targetHints":{"allow":["GET"]}}],"collection":[{"href":"https:\/\/www.ibermusicas.org\/index.php\/wp-json\/wp\/v2\/posts"}],"about":[{"href":"https:\/\/www.ibermusicas.org\/index.php\/wp-json\/wp\/v2\/types\/post"}],"author":[{"embeddable":true,"href":"https:\/\/www.ibermusicas.org\/index.php\/wp-json\/wp\/v2\/users\/7"}],"replies":[{"embeddable":true,"href":"https:\/\/www.ibermusicas.org\/index.php\/wp-json\/wp\/v2\/comments?post=16262"}],"version-history":[{"count":0,"href":"https:\/\/www.ibermusicas.org\/index.php\/wp-json\/wp\/v2\/posts\/16262\/revisions"}],"wp:featuredmedia":[{"embeddable":true,"href":"https:\/\/www.ibermusicas.org\/index.php\/wp-json\/wp\/v2\/media\/16264"}],"wp:attachment":[{"href":"https:\/\/www.ibermusicas.org\/index.php\/wp-json\/wp\/v2\/media?parent=16262"}],"wp:term":[{"taxonomy":"category","embeddable":true,"href":"https:\/\/www.ibermusicas.org\/index.php\/wp-json\/wp\/v2\/categories?post=16262"},{"taxonomy":"post_tag","embeddable":true,"href":"https:\/\/www.ibermusicas.org\/index.php\/wp-json\/wp\/v2\/tags?post=16262"}],"curies":[{"name":"wp","href":"https:\/\/api.w.org\/{rel}","templated":true}]}}