{"id":16275,"date":"2023-06-29T17:41:08","date_gmt":"2023-06-29T17:41:08","guid":{"rendered":"https:\/\/www.ibermusicas.org\/?p=16275"},"modified":"2023-07-31T17:23:34","modified_gmt":"2023-07-31T17:23:34","slug":"el-artista-argentino-ariel-benitez-presenta-su-nuevo-cd-libre-america-en-mi-voz","status":"publish","type":"post","link":"https:\/\/www.ibermusicas.org\/index.php\/el-artista-argentino-ariel-benitez-presenta-su-nuevo-cd-libre-america-en-mi-voz\/","title":{"rendered":"El artista argentino Ariel Ben\u00edtez presenta su nuevo CD \u00abLibre, Am\u00e9rica en mi voz\u00bb"},"content":{"rendered":"<p>Programado para que est\u00e9 disponible en todas las plataformas digitales a partir del 9 de julio, en consonancia con el Aniversario de la Declaraci\u00f3n de Independencia de la Rep\u00fablica Argentina, llega \u00abLibre, Am\u00e9rica en mi voz\u00bb, el nuevo trabajo de Ariel Ben\u00edtez realizado con el apoyo de Iberm\u00fasicas a trav\u00e9s de su l\u00ednea de acci\u00f3n de \u201cAyudas al Sector Musical en Modalidad Virtual\u201d.<\/p>\n<p>La obra de Ariel Ben\u00edtez est\u00e1 ligada a la b\u00fasqueda de la libertad a trav\u00e9s de la m\u00fasica latinoamericana. La inspiraci\u00f3n del artista surge de sus viajes por el continente, recorriendo el Camino del Inca, la Ruta Maya, etc. y uniendo detr\u00e1s de cada canci\u00f3n, vivencias e historias de los pueblos de Am\u00e9rica. La escritura de las letras incorpora textos en lenguas de los pueblos originarios, fusionando ritmos y la diversidad sonora, con un claro enfoque en la calidad de la m\u00fasica.<\/p>\n<p>El disco contiene doce canciones originales de las cuales 10 son de autor\u00eda de Ariel Ben\u00edtez, una en colaboraci\u00f3n con el cantautor chileno Vicencio Navarro y otra del m\u00fasico Boris Vujich. El disco cuenta con la participaci\u00f3n de 15 m\u00fasicos invitados. Ha sido grabado y producido en Mendoza, Argentina en los estudios de Morelli Producciones y editado bajo el sello discogr\u00e1fico Sue\u00f1os Viajeros.<\/p>\n<p>\u25cf Disponible en redes a partir del 9 de julio<br \/>\n\u25cf Fecha de presentaci\u00f3n oficial: 23 de julio pr\u00f3ximo en Espacio Cultural Julio Le Parc, Mendoza, Argentina<\/p>\n","protected":false},"excerpt":{"rendered":"<p>Programado para que est\u00e9 disponible en todas las plataformas digitales a partir del 9 de julio, en consonancia con el Aniversario de la Declaraci\u00f3n de Independencia de la Rep\u00fablica Argentina, llega \u00abLibre, Am\u00e9rica en mi voz\u00bb, el nuevo trabajo de Ariel Ben\u00edtez realizado con el apoyo de Iberm\u00fasicas a trav\u00e9s de su l\u00ednea de acci\u00f3n [&hellip;]<\/p>\n","protected":false},"author":7,"featured_media":16276,"comment_status":"closed","ping_status":"closed","sticky":false,"template":"","format":"standard","meta":{"_monsterinsights_skip_tracking":false,"_monsterinsights_sitenote_active":false,"_monsterinsights_sitenote_note":"","_monsterinsights_sitenote_category":0,"footnotes":""},"categories":[53],"tags":[],"class_list":["post-16275","post","type-post","status-publish","format-standard","has-post-thumbnail","hentry","category-noticias-generales"],"lang":"es","translations":{"es":16275,"pt":16278},"pll_sync_post":[],"post_mailing_queue_ids":[],"_links":{"self":[{"href":"https:\/\/www.ibermusicas.org\/index.php\/wp-json\/wp\/v2\/posts\/16275","targetHints":{"allow":["GET"]}}],"collection":[{"href":"https:\/\/www.ibermusicas.org\/index.php\/wp-json\/wp\/v2\/posts"}],"about":[{"href":"https:\/\/www.ibermusicas.org\/index.php\/wp-json\/wp\/v2\/types\/post"}],"author":[{"embeddable":true,"href":"https:\/\/www.ibermusicas.org\/index.php\/wp-json\/wp\/v2\/users\/7"}],"replies":[{"embeddable":true,"href":"https:\/\/www.ibermusicas.org\/index.php\/wp-json\/wp\/v2\/comments?post=16275"}],"version-history":[{"count":0,"href":"https:\/\/www.ibermusicas.org\/index.php\/wp-json\/wp\/v2\/posts\/16275\/revisions"}],"wp:featuredmedia":[{"embeddable":true,"href":"https:\/\/www.ibermusicas.org\/index.php\/wp-json\/wp\/v2\/media\/16276"}],"wp:attachment":[{"href":"https:\/\/www.ibermusicas.org\/index.php\/wp-json\/wp\/v2\/media?parent=16275"}],"wp:term":[{"taxonomy":"category","embeddable":true,"href":"https:\/\/www.ibermusicas.org\/index.php\/wp-json\/wp\/v2\/categories?post=16275"},{"taxonomy":"post_tag","embeddable":true,"href":"https:\/\/www.ibermusicas.org\/index.php\/wp-json\/wp\/v2\/tags?post=16275"}],"curies":[{"name":"wp","href":"https:\/\/api.w.org\/{rel}","templated":true}]}}