{"id":16295,"date":"2023-06-29T18:41:43","date_gmt":"2023-06-29T18:41:43","guid":{"rendered":"https:\/\/www.ibermusicas.org\/?p=16295"},"modified":"2023-06-29T18:41:43","modified_gmt":"2023-06-29T18:41:43","slug":"identidades-sonoras-las-playlists-de-ibermusicas-3","status":"publish","type":"post","link":"https:\/\/www.ibermusicas.org\/index.php\/identidades-sonoras-las-playlists-de-ibermusicas-3\/","title":{"rendered":"Identidades Sonoras, las playlists de Iberm\u00fasicas"},"content":{"rendered":"<p><strong>Esta quincena recomendamos las playlists creadas por Juan Pablo Gonz\u00e1lez de Chile y Sara Vidal de Portugal<\/strong><\/p>\n<p><strong>\u00a0<\/strong><\/p>\n<p><em>\u201cLa canci\u00f3n popular es una obra colectiva. Tuvimos en cuenta a todos los participantes en esta selecci\u00f3n representativa de la creatividad musical chilena con paridad de g\u00e9nero y considerando distintas etapas hist\u00f3ricas. Tambi\u00e9n incluimos a las culturas originarias, sumando canciones referidas a los pueblos mapuche y aymara\u201d. <\/em><strong>Juan Pablo Gonz\u00e1lez &#8211; Chile<\/strong><\/p>\n<p>&nbsp;<\/p>\n<p><a href=\"https:\/\/open.spotify.com\/playlist\/04tutgS4iilfkcgzye16m5?si=7212d81bad754373\">https:\/\/open.spotify.com\/playlist\/04tutgS4iilfkcgzye16m5?si=7212d81bad754373<\/a><\/p>\n<p>&nbsp;<\/p>\n<p>. . . . . . . . . . . . . . . . . . . . . . . . . .<\/p>\n<p><strong>\u00a0<\/strong><\/p>\n<p><em>\u201cEsta lista de reproducci\u00f3n celebra la m\u00fasica portuguesa inspirada en el cancionero tradicional, reuniendo desde temas antiguos a novedades, artistas de renombre a grupos m\u00e1s desconocidos, arreglos de canciones tradicionales o composiciones originales. Cada tema es una invitaci\u00f3n a descubrir nuevos sonidos\u201d. <\/em><strong>Sara Vidal &#8211; Portugal<\/strong><\/p>\n<p><strong>\u00a0<\/strong><\/p>\n<p><a href=\"https:\/\/open.spotify.com\/playlist\/2WScJrAmUiJFrouSbMjFEQ?si=22bd17cd66284de5\">https:\/\/open.spotify.com\/playlist\/2WScJrAmUiJFrouSbMjFEQ?si=22bd17cd66284de5<\/a><\/p>\n<p><strong>\u00a0<\/strong><\/p>\n<p>. . . . . . . . . . . . . . . . . . . . . . . . . .<\/p>\n<p><strong>\u00a0<\/strong><\/p>\n<p>Identidades Sonoras son las playlists de Spotify creadas por m\u00fasicas y m\u00fasicos, productoras y productores, cr\u00edticas y cr\u00edticos, e investigadoras e investigadores de los pa\u00edses que integran nuestro programa a quienes hemos propuesto reflejar, interpretar y construir un recorrido integrador de la tradici\u00f3n y de las nuevas b\u00fasquedas en una lista de 50 obras.<\/p>\n","protected":false},"excerpt":{"rendered":"<p>Esta quincena recomendamos las playlists creadas por Juan Pablo Gonz\u00e1lez de Chile y Sara Vidal de Portugal \u00a0 \u201cLa canci\u00f3n popular es una obra colectiva. Tuvimos en cuenta a todos los participantes en esta selecci\u00f3n representativa de la creatividad musical chilena con paridad de g\u00e9nero y considerando distintas etapas hist\u00f3ricas. Tambi\u00e9n incluimos a las culturas [&hellip;]<\/p>\n","protected":false},"author":7,"featured_media":16296,"comment_status":"closed","ping_status":"closed","sticky":false,"template":"","format":"standard","meta":{"_monsterinsights_skip_tracking":false,"_monsterinsights_sitenote_active":false,"_monsterinsights_sitenote_note":"","_monsterinsights_sitenote_category":0,"footnotes":""},"categories":[53],"tags":[],"class_list":["post-16295","post","type-post","status-publish","format-standard","has-post-thumbnail","hentry","category-noticias-generales"],"lang":"es","translations":{"es":16295,"pt":16298},"pll_sync_post":[],"post_mailing_queue_ids":[],"_links":{"self":[{"href":"https:\/\/www.ibermusicas.org\/index.php\/wp-json\/wp\/v2\/posts\/16295","targetHints":{"allow":["GET"]}}],"collection":[{"href":"https:\/\/www.ibermusicas.org\/index.php\/wp-json\/wp\/v2\/posts"}],"about":[{"href":"https:\/\/www.ibermusicas.org\/index.php\/wp-json\/wp\/v2\/types\/post"}],"author":[{"embeddable":true,"href":"https:\/\/www.ibermusicas.org\/index.php\/wp-json\/wp\/v2\/users\/7"}],"replies":[{"embeddable":true,"href":"https:\/\/www.ibermusicas.org\/index.php\/wp-json\/wp\/v2\/comments?post=16295"}],"version-history":[{"count":0,"href":"https:\/\/www.ibermusicas.org\/index.php\/wp-json\/wp\/v2\/posts\/16295\/revisions"}],"wp:featuredmedia":[{"embeddable":true,"href":"https:\/\/www.ibermusicas.org\/index.php\/wp-json\/wp\/v2\/media\/16296"}],"wp:attachment":[{"href":"https:\/\/www.ibermusicas.org\/index.php\/wp-json\/wp\/v2\/media?parent=16295"}],"wp:term":[{"taxonomy":"category","embeddable":true,"href":"https:\/\/www.ibermusicas.org\/index.php\/wp-json\/wp\/v2\/categories?post=16295"},{"taxonomy":"post_tag","embeddable":true,"href":"https:\/\/www.ibermusicas.org\/index.php\/wp-json\/wp\/v2\/tags?post=16295"}],"curies":[{"name":"wp","href":"https:\/\/api.w.org\/{rel}","templated":true}]}}