{"id":16298,"date":"2023-06-29T18:43:39","date_gmt":"2023-06-29T18:43:39","guid":{"rendered":"https:\/\/www.ibermusicas.org\/?p=16298"},"modified":"2023-06-29T18:43:39","modified_gmt":"2023-06-29T18:43:39","slug":"identidades-sonoras-as-playlists-ibermusicas-3","status":"publish","type":"post","link":"https:\/\/www.ibermusicas.org\/index.php\/identidades-sonoras-as-playlists-ibermusicas-3\/","title":{"rendered":"Identidades Sonoras, as playlists Iberm\u00fasicas"},"content":{"rendered":"<p><strong>Esta quinzena recomendamos as playlists criadas por Juan Pablo Gonz\u00e1lez do Chile y Sara Vidal do Portugal<\/strong><\/p>\n<p><strong>\u00a0<\/strong><\/p>\n<p><strong>\u00a0<\/strong><\/p>\n<p><strong>\u201c<\/strong><em>A can\u00e7\u00e3o popular \u00e9 uma obra coletiva. Levamos em considera\u00e7\u00e3o todos os participantes nesta sele\u00e7\u00e3o representativa da criatividade musical chilena com paridade de g\u00eanero e considerando diferentes etapas hist\u00f3ricas. Tamb\u00e9m inclu\u00edmos culturas nativas, acrescentando can\u00e7\u00f5es referentes aos povos Mapuche e Aymara\u201d. <\/em><strong>Juan Pablo Gonz\u00e1lez &#8211; Chile<\/strong><\/p>\n<p>&nbsp;<\/p>\n<p><a href=\"https:\/\/open.spotify.com\/playlist\/04tutgS4iilfkcgzye16m5?si=7212d81bad754373\">https:\/\/open.spotify.com\/playlist\/04tutgS4iilfkcgzye16m5?si=7212d81bad754373<\/a><\/p>\n<p>&nbsp;<\/p>\n<p>. . . . . . . . . . . . . . . . . . . . . . . . . .<\/p>\n<p><em>\u00a0<\/em><\/p>\n<p><em>\u00a0<\/em><\/p>\n<p><em>\u201cEsta playlist celebra a m\u00fasica portuguesa inspirada pelo cancioneiro tradicional, congregando desde temas antigos a novos lan\u00e7amentos, artistas de renome a grupos mais desconhecidos, arranjos de m\u00fasicas tradicionais ou composi\u00e7\u00f5es originais. Cada faixa \u00e9 um convite a descobrir novos sons\u201d. <\/em><strong>Sara Vidal &#8211; Portugal<\/strong><\/p>\n<p><strong>\u00a0<\/strong><\/p>\n<p><a href=\"https:\/\/open.spotify.com\/playlist\/2WScJrAmUiJFrouSbMjFEQ?si=22bd17cd66284de5\">https:\/\/open.spotify.com\/playlist\/2WScJrAmUiJFrouSbMjFEQ?si=22bd17cd66284de5<\/a><\/p>\n<p><strong>\u00a0<\/strong><\/p>\n<p>. . . . . . . . . . . . . . . . . . . . . . . . . .<\/p>\n<p><em>\u00a0<\/em><\/p>\n<p>Identidades Sonoras s\u00e3o as playlists do Spotify criadas por m\u00fasicos, produtores, cr\u00edticos e investigadores dos pa\u00edses que integram o nosso programa, a quem foi pedido que refletissem, interpretassem e constru\u00edssem um percurso integrando tradi\u00e7\u00e3o e novas procuras numa lista de 50 obras.<\/p>\n","protected":false},"excerpt":{"rendered":"<p>Esta quinzena recomendamos as playlists criadas por Juan Pablo Gonz\u00e1lez do Chile y Sara Vidal do Portugal \u00a0 \u00a0 \u201cA can\u00e7\u00e3o popular \u00e9 uma obra coletiva. Levamos em considera\u00e7\u00e3o todos os participantes nesta sele\u00e7\u00e3o representativa da criatividade musical chilena com paridade de g\u00eanero e considerando diferentes etapas hist\u00f3ricas. Tamb\u00e9m inclu\u00edmos culturas nativas, acrescentando can\u00e7\u00f5es referentes [&hellip;]<\/p>\n","protected":false},"author":7,"featured_media":16296,"comment_status":"closed","ping_status":"closed","sticky":false,"template":"","format":"standard","meta":{"_monsterinsights_skip_tracking":false,"_monsterinsights_sitenote_active":false,"_monsterinsights_sitenote_note":"","_monsterinsights_sitenote_category":0,"footnotes":""},"categories":[218],"tags":[],"class_list":["post-16298","post","type-post","status-publish","format-standard","has-post-thumbnail","hentry","category-noticias-generales-pt"],"lang":"pt","translations":{"pt":16298,"es":16295},"pll_sync_post":[],"post_mailing_queue_ids":[],"_links":{"self":[{"href":"https:\/\/www.ibermusicas.org\/index.php\/wp-json\/wp\/v2\/posts\/16298","targetHints":{"allow":["GET"]}}],"collection":[{"href":"https:\/\/www.ibermusicas.org\/index.php\/wp-json\/wp\/v2\/posts"}],"about":[{"href":"https:\/\/www.ibermusicas.org\/index.php\/wp-json\/wp\/v2\/types\/post"}],"author":[{"embeddable":true,"href":"https:\/\/www.ibermusicas.org\/index.php\/wp-json\/wp\/v2\/users\/7"}],"replies":[{"embeddable":true,"href":"https:\/\/www.ibermusicas.org\/index.php\/wp-json\/wp\/v2\/comments?post=16298"}],"version-history":[{"count":0,"href":"https:\/\/www.ibermusicas.org\/index.php\/wp-json\/wp\/v2\/posts\/16298\/revisions"}],"wp:featuredmedia":[{"embeddable":true,"href":"https:\/\/www.ibermusicas.org\/index.php\/wp-json\/wp\/v2\/media\/16296"}],"wp:attachment":[{"href":"https:\/\/www.ibermusicas.org\/index.php\/wp-json\/wp\/v2\/media?parent=16298"}],"wp:term":[{"taxonomy":"category","embeddable":true,"href":"https:\/\/www.ibermusicas.org\/index.php\/wp-json\/wp\/v2\/categories?post=16298"},{"taxonomy":"post_tag","embeddable":true,"href":"https:\/\/www.ibermusicas.org\/index.php\/wp-json\/wp\/v2\/tags?post=16298"}],"curies":[{"name":"wp","href":"https:\/\/api.w.org\/{rel}","templated":true}]}}