{"id":16381,"date":"2023-07-14T18:19:39","date_gmt":"2023-07-14T18:19:39","guid":{"rendered":"https:\/\/www.ibermusicas.org\/?p=16381"},"modified":"2023-07-31T17:23:07","modified_gmt":"2023-07-31T17:23:07","slug":"fronteras-el-proyecto-especial-de-la-secretaria-de-gestion-cultural-del-ministerio-de-cultura-de-argentina-invita-a-una-serie-de-intervenciones-artisticas-y-culturales-en-posadas-misiones","status":"publish","type":"post","link":"https:\/\/www.ibermusicas.org\/index.php\/fronteras-el-proyecto-especial-de-la-secretaria-de-gestion-cultural-del-ministerio-de-cultura-de-argentina-invita-a-una-serie-de-intervenciones-artisticas-y-culturales-en-posadas-misiones\/","title":{"rendered":"FRONTERAS, el Proyecto Especial de la Secretar\u00eda de Gesti\u00f3n Cultural del Ministerio de Cultura de Argentina invita a una serie de intervenciones art\u00edsticas y culturales en Posadas, Misiones"},"content":{"rendered":"<p>El Ministerio de Cultura de la Naci\u00f3n Argentina, a trav\u00e9s de la Secretar\u00eda de Gesti\u00f3n Cultural presenta en Misiones la primera actividad del programa Fronteras, un proyecto que, a trav\u00e9s de intervenciones art\u00edsticas y culturales en zonas fronterizas de Argentina, pone en relieve la importancia pol\u00edtica, hist\u00f3rica y cultural de los territorios lim\u00edtrofes y reconoce a las fronteras como parte de un entramado cultural conformado por una muestra de saberes, pr\u00e1cticas tradicionales y costumbres que superan los l\u00edmites establecidos por la divisi\u00f3n pol\u00edtica. Se realizar\u00e1n charlas de capacitaci\u00f3n y divulgaci\u00f3n y actividades culturales.<\/p>\n<p>&nbsp;<\/p>\n<p>Durante la ma\u00f1ana se realizar\u00e1n charlas de capacitaci\u00f3n y divulgaci\u00f3n de los programas culturales de la Secretar\u00eda General Iberoamericana (SEGIB): Iberescena, Ibercultura Viva e Iberm\u00fasicas con el objetivo de ampliar la informaci\u00f3n y el acceso sobre estas pol\u00edticas p\u00fablicas.<\/p>\n<p>&nbsp;<\/p>\n<p>Por la tarde, a partir de las 15.30 h, habr\u00e1 actividades culturales para todo p\u00fablico. As\u00ed, habr\u00e1 cocina en vivo de la mano de cocineros que recuperar\u00e1n sabores tradicionales, a partir de recetas t\u00edpicas de frontera. Tambi\u00e9n se realizar\u00e1n intervenciones esc\u00e9nicas de corta duraci\u00f3n para todo p\u00fablico. As\u00ed, se presentar\u00e1 Clowndestinos, un espect\u00e1culo en c\u00f3digo clown y tres shows musicales que cerrar\u00e1n la jornada.<\/p>\n<p>&nbsp;<\/p>\n<p>La m\u00fasica folkl\u00f3rica ser\u00e1 la protagonista de la noche. Se presentar\u00e1 Pato Garc\u00eda, un reconocido artista misionero que interpretar\u00e1 chamam\u00e9 en castellano y la cantante correntina de origen brasilero Gicela Mendez Ribeiro, que cantar\u00e1 chamam\u00e9 en portugu\u00e9s. Los m\u00fasicos brasile\u00f1os Antonio Carlos y Francisco Lobo cerrar\u00e1n la noche con un repertorio de m\u00fasica popular brasile\u00f1a.<\/p>\n<p>&nbsp;<\/p>\n<p><em>\u201cEs necesario construir pol\u00edticas comunes que sean capaces de generar lazos de unidad entre los territorios y propiciar la hermandad entre los pueblos. La cultura, como elemento din\u00e1mico, es clave en este proceso porque se manifiesta en la forma en que los individuos se relacionan con la vida cotidiana, con parte de un territorio y construyen comunidad.Creemos que &#8216;Fronteras&#8217; nos brinda la posibilidad de difuminar la l\u00ednea artificial de los l\u00edmites entre pa\u00edses al conformar una mezcla de saberes y tiende puentes para pintar un paisaje com\u00fan\u201d<\/em>. Explica Federico Prieto, Secretario de Gesti\u00f3n Cultural.<\/p>\n<p>&nbsp;<\/p>\n<p>El proyecto Fronteras se implementar\u00e1 tambi\u00e9n en otros cuatro puntos de frontera de Argentina: en las ciudades Clorinda (Formosa), Concordia (Entre R\u00edos), La\u00a0 Quiaca (Jujuy), Trevelin (Chubut) linderas respectivamente con Paraguay, Uruguay, Bolivia y Chile. En cada ciudad, se realizar\u00e1 una jornada para compartir desde el marco de Iberm\u00fasicas, Iberorquestas, Ibercultura Viva e IberEscena. Un hecho cultural espec\u00edfico desde cada programa en articulaci\u00f3n con el pa\u00eds vecino para fortalecer la integraci\u00f3n regional.<\/p>\n<p>&nbsp;<\/p>\n<p>&nbsp;<\/p>\n<p>S\u00e1bado 15 de junio\u00a0 a partir de las 11h. Jard\u00edn Bot\u00e1nico (Av. Balcarce y Calle 31), Posadas, Provincia de Misiones, Argentina<\/p>\n","protected":false},"excerpt":{"rendered":"<p>El Ministerio de Cultura de la Naci\u00f3n Argentina, a trav\u00e9s de la Secretar\u00eda de Gesti\u00f3n Cultural presenta en Misiones la primera actividad del programa Fronteras, un proyecto que, a trav\u00e9s de intervenciones art\u00edsticas y culturales en zonas fronterizas de Argentina, pone en relieve la importancia pol\u00edtica, hist\u00f3rica y cultural de los territorios lim\u00edtrofes y reconoce [&hellip;]<\/p>\n","protected":false},"author":7,"featured_media":16382,"comment_status":"closed","ping_status":"closed","sticky":false,"template":"","format":"standard","meta":{"_monsterinsights_skip_tracking":false,"_monsterinsights_sitenote_active":false,"_monsterinsights_sitenote_note":"","_monsterinsights_sitenote_category":0,"footnotes":""},"categories":[53],"tags":[],"class_list":["post-16381","post","type-post","status-publish","format-standard","has-post-thumbnail","hentry","category-noticias-generales"],"lang":"es","translations":{"es":16381,"pt":16384},"pll_sync_post":[],"post_mailing_queue_ids":[],"_links":{"self":[{"href":"https:\/\/www.ibermusicas.org\/index.php\/wp-json\/wp\/v2\/posts\/16381","targetHints":{"allow":["GET"]}}],"collection":[{"href":"https:\/\/www.ibermusicas.org\/index.php\/wp-json\/wp\/v2\/posts"}],"about":[{"href":"https:\/\/www.ibermusicas.org\/index.php\/wp-json\/wp\/v2\/types\/post"}],"author":[{"embeddable":true,"href":"https:\/\/www.ibermusicas.org\/index.php\/wp-json\/wp\/v2\/users\/7"}],"replies":[{"embeddable":true,"href":"https:\/\/www.ibermusicas.org\/index.php\/wp-json\/wp\/v2\/comments?post=16381"}],"version-history":[{"count":0,"href":"https:\/\/www.ibermusicas.org\/index.php\/wp-json\/wp\/v2\/posts\/16381\/revisions"}],"wp:featuredmedia":[{"embeddable":true,"href":"https:\/\/www.ibermusicas.org\/index.php\/wp-json\/wp\/v2\/media\/16382"}],"wp:attachment":[{"href":"https:\/\/www.ibermusicas.org\/index.php\/wp-json\/wp\/v2\/media?parent=16381"}],"wp:term":[{"taxonomy":"category","embeddable":true,"href":"https:\/\/www.ibermusicas.org\/index.php\/wp-json\/wp\/v2\/categories?post=16381"},{"taxonomy":"post_tag","embeddable":true,"href":"https:\/\/www.ibermusicas.org\/index.php\/wp-json\/wp\/v2\/tags?post=16381"}],"curies":[{"name":"wp","href":"https:\/\/api.w.org\/{rel}","templated":true}]}}