{"id":16479,"date":"2023-07-31T17:55:43","date_gmt":"2023-07-31T17:55:43","guid":{"rendered":"https:\/\/www.ibermusicas.org\/?p=16479"},"modified":"2023-08-31T13:32:14","modified_gmt":"2023-08-31T13:32:14","slug":"co-organizado-pela-associacao-latino-americana-de-harpas-realizar-se-a-o-v-encontro-de-harpas-da-colombia","status":"publish","type":"post","link":"https:\/\/www.ibermusicas.org\/index.php\/co-organizado-pela-associacao-latino-americana-de-harpas-realizar-se-a-o-v-encontro-de-harpas-da-colombia\/","title":{"rendered":"Co Organizado pela Associa\u00e7\u00e3o Latino-Americana de Harpas, realizar-se-\u00e1 o V Encontro de Harpas da Col\u00f4mbia"},"content":{"rendered":"<p>O Encuentro de Arpas Colombia prop\u00f5e-se ligar todos os tipos de harpas e celebrar a uni\u00e3o de culturas e tradi\u00e7\u00f5es que coexistem entre os harpistas latino-americanos. O Encontro e a ALDA partilham muitos valores dentro das suas respectivas vis\u00f5es e miss\u00f5es, pelo que colaboram na realiza\u00e7\u00e3o deste evento que promete oferecer a mais alta qualidade art\u00edstica, bem como exaltar a identidade latino-americana.<\/p>\n<p>&nbsp;<\/p>\n<p>De 6 a 11 de agosto, em v\u00e1rios locais de Bogot\u00e1, o V Encontro de Arpas Col\u00f4mbia ter\u00e1 como principais convidados a professora venezuelana Marisela Gonz\u00e1lez, especialista em interpreta\u00e7\u00e3o e investiga\u00e7\u00e3o do repert\u00f3rio latino-americano para harpa de pedal, Emmanuel Padilla Holgu\u00edn, concertista de Bellas Artes no M\u00e9xico, e o grande harpista, investigador e pedagogo franc\u00eas Sylvain Blassel.<\/p>\n<p>&nbsp;<\/p>\n<p>Este encontro realiza-se com o apoio do Programa Iberm\u00fasicas atrav\u00e9s do seu convite \u00e0 apresenta\u00e7\u00e3o de propostas 2022.<\/p>\n<p>6 a 11 de agosto, Bogot\u00e1, Col\u00f4mbia<\/p>\n<p><a href=\"http:\/\/www.encuentrodearpascolombia.com\">www.encuentrodearpascolombia.com<\/a><\/p>\n","protected":false},"excerpt":{"rendered":"<p>O Encuentro de Arpas Colombia prop\u00f5e-se ligar todos os tipos de harpas e celebrar a uni\u00e3o de culturas e tradi\u00e7\u00f5es que coexistem entre os harpistas latino-americanos. O Encontro e a ALDA partilham muitos valores dentro das suas respectivas vis\u00f5es e miss\u00f5es, pelo que colaboram na realiza\u00e7\u00e3o deste evento que promete oferecer a mais alta qualidade [&hellip;]<\/p>\n","protected":false},"author":7,"featured_media":16477,"comment_status":"closed","ping_status":"closed","sticky":false,"template":"","format":"standard","meta":{"_monsterinsights_skip_tracking":false,"_monsterinsights_sitenote_active":false,"_monsterinsights_sitenote_note":"","_monsterinsights_sitenote_category":0,"footnotes":""},"categories":[218],"tags":[],"class_list":["post-16479","post","type-post","status-publish","format-standard","has-post-thumbnail","hentry","category-noticias-generales-pt"],"lang":"pt","translations":{"pt":16479,"es":16476},"pll_sync_post":[],"post_mailing_queue_ids":[],"_links":{"self":[{"href":"https:\/\/www.ibermusicas.org\/index.php\/wp-json\/wp\/v2\/posts\/16479","targetHints":{"allow":["GET"]}}],"collection":[{"href":"https:\/\/www.ibermusicas.org\/index.php\/wp-json\/wp\/v2\/posts"}],"about":[{"href":"https:\/\/www.ibermusicas.org\/index.php\/wp-json\/wp\/v2\/types\/post"}],"author":[{"embeddable":true,"href":"https:\/\/www.ibermusicas.org\/index.php\/wp-json\/wp\/v2\/users\/7"}],"replies":[{"embeddable":true,"href":"https:\/\/www.ibermusicas.org\/index.php\/wp-json\/wp\/v2\/comments?post=16479"}],"version-history":[{"count":0,"href":"https:\/\/www.ibermusicas.org\/index.php\/wp-json\/wp\/v2\/posts\/16479\/revisions"}],"wp:featuredmedia":[{"embeddable":true,"href":"https:\/\/www.ibermusicas.org\/index.php\/wp-json\/wp\/v2\/media\/16477"}],"wp:attachment":[{"href":"https:\/\/www.ibermusicas.org\/index.php\/wp-json\/wp\/v2\/media?parent=16479"}],"wp:term":[{"taxonomy":"category","embeddable":true,"href":"https:\/\/www.ibermusicas.org\/index.php\/wp-json\/wp\/v2\/categories?post=16479"},{"taxonomy":"post_tag","embeddable":true,"href":"https:\/\/www.ibermusicas.org\/index.php\/wp-json\/wp\/v2\/tags?post=16479"}],"curies":[{"name":"wp","href":"https:\/\/api.w.org\/{rel}","templated":true}]}}