{"id":16489,"date":"2023-07-31T18:03:52","date_gmt":"2023-07-31T18:03:52","guid":{"rendered":"https:\/\/www.ibermusicas.org\/?p=16489"},"modified":"2023-07-31T18:34:45","modified_gmt":"2023-07-31T18:34:45","slug":"como-parte-da-sua-digressao-europeia-o-artista-peruano-renzo-zong-actuara-em-madrid-espanha","status":"publish","type":"post","link":"https:\/\/www.ibermusicas.org\/index.php\/como-parte-da-sua-digressao-europeia-o-artista-peruano-renzo-zong-actuara-em-madrid-espanha\/","title":{"rendered":"Como parte da sua digress\u00e3o europeia, o artista peruano Renzo Zong actuar\u00e1 em Madrid, Espanha"},"content":{"rendered":"<p>Renzo Zong \u00e9 um projeto peruano de Tribal Beat que come\u00e7ou em 2018. Resgata a m\u00fasica das diversas culturas do Peru, recuperando-as e envolvendo-as com sons electr\u00f3nicos e psicad\u00e9licos. \u00c9 assim que consegue criar sonoridades m\u00edsticas e curativas que preservam os costumes e tradi\u00e7\u00f5es originais.<\/p>\n<p>&nbsp;<\/p>\n<p>Em 2019, ele trabalhou com o selo alem\u00e3o \u00abCuicacalli\u00bb, fazendo um remix com diferentes DJs internacionais para seu EP \u00abGratitud\u00bb. No mesmo ano, ele fez parte da compila\u00e7\u00e3o \u00abLatin America 2\u00bb do selo polon\u00eas Basy Tropikalne e tamb\u00e9m trabalhou com o selo Random Collective de Porto Rico. Em 2022, lan\u00e7ou seu primeiro \u00e1lbum pelo selo ingl\u00eas Ultraphonic Music, dois singles pelo selo espanhol Mood Music e um EP pelo selo guatemalteco NUMA Music.<\/p>\n<p>&nbsp;<\/p>\n<p>Nesse mesmo ano, fez suas primeiras turn\u00eas: a Ceres Entr\u00f3picos Tour &#8211; Sur Per\u00fa de Hit La Rosa, onde foi o artista de apoio, e a Tras Las Huellas Tour, sua primeira turn\u00ea internacional no Chile, onde levou sua m\u00fasica para as cidades de Santiago, Vi\u00f1a del Mar, Valpara\u00edso, Constituci\u00f3n e Concepci\u00f3n.<\/p>\n<p>&nbsp;<\/p>\n<p>A turn\u00ea de Renzo Zong \u00e9 poss\u00edvel gra\u00e7as ao apoio de Circula\u00e7\u00e3o do Programa Iberm\u00fasicas.<\/p>\n<p>&nbsp;<\/p>\n<p>12 de agosto, 20h: Tempus Restobar, Madrid, Espanha<\/p>\n","protected":false},"excerpt":{"rendered":"<p>Renzo Zong \u00e9 um projeto peruano de Tribal Beat que come\u00e7ou em 2018. Resgata a m\u00fasica das diversas culturas do Peru, recuperando-as e envolvendo-as com sons electr\u00f3nicos e psicad\u00e9licos. \u00c9 assim que consegue criar sonoridades m\u00edsticas e curativas que preservam os costumes e tradi\u00e7\u00f5es originais. &nbsp; Em 2019, ele trabalhou com o selo alem\u00e3o \u00abCuicacalli\u00bb, [&hellip;]<\/p>\n","protected":false},"author":7,"featured_media":16487,"comment_status":"closed","ping_status":"closed","sticky":false,"template":"","format":"standard","meta":{"_monsterinsights_skip_tracking":false,"_monsterinsights_sitenote_active":false,"_monsterinsights_sitenote_note":"","_monsterinsights_sitenote_category":0,"footnotes":""},"categories":[218],"tags":[],"class_list":["post-16489","post","type-post","status-publish","format-standard","has-post-thumbnail","hentry","category-noticias-generales-pt"],"lang":"pt","translations":{"pt":16489,"es":16486},"pll_sync_post":[],"post_mailing_queue_ids":[],"_links":{"self":[{"href":"https:\/\/www.ibermusicas.org\/index.php\/wp-json\/wp\/v2\/posts\/16489","targetHints":{"allow":["GET"]}}],"collection":[{"href":"https:\/\/www.ibermusicas.org\/index.php\/wp-json\/wp\/v2\/posts"}],"about":[{"href":"https:\/\/www.ibermusicas.org\/index.php\/wp-json\/wp\/v2\/types\/post"}],"author":[{"embeddable":true,"href":"https:\/\/www.ibermusicas.org\/index.php\/wp-json\/wp\/v2\/users\/7"}],"replies":[{"embeddable":true,"href":"https:\/\/www.ibermusicas.org\/index.php\/wp-json\/wp\/v2\/comments?post=16489"}],"version-history":[{"count":0,"href":"https:\/\/www.ibermusicas.org\/index.php\/wp-json\/wp\/v2\/posts\/16489\/revisions"}],"wp:featuredmedia":[{"embeddable":true,"href":"https:\/\/www.ibermusicas.org\/index.php\/wp-json\/wp\/v2\/media\/16487"}],"wp:attachment":[{"href":"https:\/\/www.ibermusicas.org\/index.php\/wp-json\/wp\/v2\/media?parent=16489"}],"wp:term":[{"taxonomy":"category","embeddable":true,"href":"https:\/\/www.ibermusicas.org\/index.php\/wp-json\/wp\/v2\/categories?post=16489"},{"taxonomy":"post_tag","embeddable":true,"href":"https:\/\/www.ibermusicas.org\/index.php\/wp-json\/wp\/v2\/tags?post=16489"}],"curies":[{"name":"wp","href":"https:\/\/api.w.org\/{rel}","templated":true}]}}