{"id":16577,"date":"2023-08-11T19:27:43","date_gmt":"2023-08-11T19:27:43","guid":{"rendered":"https:\/\/www.ibermusicas.org\/?p=16577"},"modified":"2023-08-31T13:31:49","modified_gmt":"2023-08-31T13:31:49","slug":"vertixe-sonora-de-espanha-ensemble-cronopio-do-mexico-e-maestros-de-la-escuela-superior-de-musica-y-danza-de-monterrey-apresentam-o-resultado-do-seu-trabalho-conjunto","status":"publish","type":"post","link":"https:\/\/www.ibermusicas.org\/index.php\/vertixe-sonora-de-espanha-ensemble-cronopio-do-mexico-e-maestros-de-la-escuela-superior-de-musica-y-danza-de-monterrey-apresentam-o-resultado-do-seu-trabalho-conjunto\/","title":{"rendered":"Vertixe Sonora de Espanha, Ensemble Cronopio do M\u00e9xico e Maestros de la Escuela Superior de M\u00fasica y Danza de Monterrey apresentam o resultado do seu trabalho conjunto"},"content":{"rendered":"<p>\u00abO Festival Vertixe convida o Ensamble Cronopio a participar num exerc\u00edcio conjunto que inclui m\u00fasicos do M\u00e9xico e de Espanha: Cronopio, Ensemble Vertixe Sonora de Espanha e m\u00fasicos da Escuela Superior de M\u00fasica y Danza de Monterrey, Nuevo Le\u00f3n, M\u00e9xico para a cria\u00e7\u00e3o de um programa que oferecer\u00e1 seis estreias mundiais de igual n\u00famero de compositores mexicanos. O projeto conta tamb\u00e9m com a colabora\u00e7\u00e3o do Museo Nacional y Centro de Arte Reina Sof\u00eda atrav\u00e9s do seu programa educativo Tejidos Conjuntivos.<\/p>\n<p>&nbsp;<\/p>\n<p>Desde seu lan\u00e7amento em 2011, a Vertixe Sonora realizou um total de 244 concertos e 290 estreias mundiais de 220 compositores de 46 pa\u00edses. Seu reconhecimento internacional permitiu que eles se apresentassem em palcos proeminentes na Alemanha, Estados Unidos, Fran\u00e7a, Hong Kong, It\u00e1lia, M\u00e9xico, Portugal, Su\u00e9cia e Su\u00ed\u00e7a. Em 2016, receberam o Pr\u00eamio Mart\u00edn Codax de M\u00fasica Cl\u00e1ssica Contempor\u00e2nea e seu trabalho foi registrado nos document\u00e1rios: Sonutopias (campUSCulturae da Universidade de Santiago de Compostela, 2014), Correspondencias Sonoras (Manuel de \u00e9l R\u00edo, 2013) e La lira del desierto (Manuel de \u00e9l R\u00edo 2020) em comemora\u00e7\u00e3o ao 60\u00ba anivers\u00e1rio do nascimento do compositor Enrique X. Mac\u00edas. A discografia do grupo \u00e9 composta por quatro produ\u00e7\u00f5es de destaque: CD com as obras finalistas do XXVI Premio J\u00f3venes Compositores Fundaci\u00f3n SGAE-CNDM, o ciclo \u00abDie Wanderung\u00bb do compositor Lula Romero gravado para a WERGO, bem como os \u00e1lbuns \u00abThe Dimension of the Fragile\u00bb, monogr\u00e1fico do compositor V\u00edctor Ibarra; e \u00abPeripheral Spaces\u00bb, monogr\u00e1fico dedicado ao compositor Camilo M\u00e9ndez, ambos lan\u00e7ados pelo selo NEOS. Desde 2021, a Vertixe Sonora \u00e9 membro da Sociedade Internacional de M\u00fasica Contempor\u00e2nea (ISCM), representando a se\u00e7\u00e3o espanhola.<\/p>\n<p>&nbsp;<\/p>\n<p>O Ensamble Cronopio \u00e9 o \u00fanico grupo dedicado \u00e0 m\u00fasica contempor\u00e2nea em Quer\u00e9taro, e um dos poucos existentes na zona central do M\u00e9xico. Criado em 2017, com o objetivo de cobrir uma \u00e1rea da oferta cultural no Baj\u00edo, o Cronopio Ensamble de M\u00fasica Contempor\u00e2nea se dedica \u00e0 execu\u00e7\u00e3o de m\u00fasica de c\u00e2mara contempor\u00e2nea e \u00e0 experimenta\u00e7\u00e3o de diversas linguagens sonoras. \u00c9 formado por m\u00fasicos do Baj\u00edo e da Cidade do M\u00e9xico, de Cuba e do Uruguai. Desenvolveu v\u00e1rios eventos com artistas de m\u00faltiplas disciplinas art\u00edsticas, onde interagiram e exploraram diversas linguagens que n\u00e3o s\u00e3o abordadas com frequ\u00eancia. Busca resgatar e difundir diversas culturas por meio do uso contempor\u00e2neo de seu discurso musical-c\u00eanico, procurando causar grande impacto no p\u00fablico por meio de uma linguagem inovadora e acess\u00edvel a pessoas de qualquer idade. Outra atividade do conjunto tem sido a cria\u00e7\u00e3o de instrumentos de diferentes materiais para suprir as necessidades de texturas, cores, timbres e possibilidades t\u00e9cnicas que os instrumentos tradicionais n\u00e3o cobrem.<\/p>\n<p>&nbsp;<\/p>\n<p>A realiza\u00e7\u00e3o desse projeto \u00e9 apoiada pelo Programa Iberm\u00fasicas por meio de seu apoio \u00e0 Programa\u00e7\u00e3o Ibero-Americana, convocat\u00f3rias 2022.<\/p>\n<p>20 de agosto 18h, Santiago de Compostela, Espa\u00f1a<\/p>\n","protected":false},"excerpt":{"rendered":"<p>\u00abO Festival Vertixe convida o Ensamble Cronopio a participar num exerc\u00edcio conjunto que inclui m\u00fasicos do M\u00e9xico e de Espanha: Cronopio, Ensemble Vertixe Sonora de Espanha e m\u00fasicos da Escuela Superior de M\u00fasica y Danza de Monterrey, Nuevo Le\u00f3n, M\u00e9xico para a cria\u00e7\u00e3o de um programa que oferecer\u00e1 seis estreias mundiais de igual n\u00famero de [&hellip;]<\/p>\n","protected":false},"author":7,"featured_media":16575,"comment_status":"closed","ping_status":"closed","sticky":false,"template":"","format":"standard","meta":{"_monsterinsights_skip_tracking":false,"_monsterinsights_sitenote_active":false,"_monsterinsights_sitenote_note":"","_monsterinsights_sitenote_category":0,"footnotes":""},"categories":[218],"tags":[],"class_list":["post-16577","post","type-post","status-publish","format-standard","has-post-thumbnail","hentry","category-noticias-generales-pt"],"lang":"pt","translations":{"pt":16577,"es":16574},"pll_sync_post":[],"post_mailing_queue_ids":[],"_links":{"self":[{"href":"https:\/\/www.ibermusicas.org\/index.php\/wp-json\/wp\/v2\/posts\/16577","targetHints":{"allow":["GET"]}}],"collection":[{"href":"https:\/\/www.ibermusicas.org\/index.php\/wp-json\/wp\/v2\/posts"}],"about":[{"href":"https:\/\/www.ibermusicas.org\/index.php\/wp-json\/wp\/v2\/types\/post"}],"author":[{"embeddable":true,"href":"https:\/\/www.ibermusicas.org\/index.php\/wp-json\/wp\/v2\/users\/7"}],"replies":[{"embeddable":true,"href":"https:\/\/www.ibermusicas.org\/index.php\/wp-json\/wp\/v2\/comments?post=16577"}],"version-history":[{"count":0,"href":"https:\/\/www.ibermusicas.org\/index.php\/wp-json\/wp\/v2\/posts\/16577\/revisions"}],"wp:featuredmedia":[{"embeddable":true,"href":"https:\/\/www.ibermusicas.org\/index.php\/wp-json\/wp\/v2\/media\/16575"}],"wp:attachment":[{"href":"https:\/\/www.ibermusicas.org\/index.php\/wp-json\/wp\/v2\/media?parent=16577"}],"wp:term":[{"taxonomy":"category","embeddable":true,"href":"https:\/\/www.ibermusicas.org\/index.php\/wp-json\/wp\/v2\/categories?post=16577"},{"taxonomy":"post_tag","embeddable":true,"href":"https:\/\/www.ibermusicas.org\/index.php\/wp-json\/wp\/v2\/tags?post=16577"}],"curies":[{"name":"wp","href":"https:\/\/api.w.org\/{rel}","templated":true}]}}