{"id":16599,"date":"2023-08-14T17:34:03","date_gmt":"2023-08-14T17:34:03","guid":{"rendered":"https:\/\/www.ibermusicas.org\/?p=16599"},"modified":"2023-08-30T19:37:39","modified_gmt":"2023-08-30T19:37:39","slug":"en-buenos-aires-argentina-se-realizara-una-nueva-edicion-del-fime-festival-internacional-de-musica-electroacustica","status":"publish","type":"post","link":"https:\/\/www.ibermusicas.org\/index.php\/en-buenos-aires-argentina-se-realizara-una-nueva-edicion-del-fime-festival-internacional-de-musica-electroacustica\/","title":{"rendered":"En Buenos Aires, Argentina se realizar\u00e1 una nueva edici\u00f3n del FIME &#8211; Festival Internacional de M\u00fasica Electroac\u00fastica"},"content":{"rendered":"<p>Durante tres d\u00edas se presentar\u00e1n obras de Federico Schumacher, Artiom Constantinov, Ra\u00fal Minsburg, Mario Mary, Pablo Freiberg, Manuel Rocha-Iturbide, Sandra Gonz\u00e1lez, Jo\u00e3o Pedro Oliveira, Tseng Yu-Chung, Daniel Schachter, Pablo Di Liscia, Iracema De Andrade, Dariush Derakhshani, Eleazar Garz\u00f3n, Jorge Sad Levi, Carolina Carrizo, David Q. Nguyen, Dariusz Mazurowski, Ricardo De Armas, Christian Eloy, Jos\u00e9 Halac, Daniel Quaranta, Luis Quintana, Elsa Justel, Antonio Mazzotti y Tonalli Rufino Nakamura.<\/p>\n<p>&nbsp;<\/p>\n<p>Tambi\u00e9n habr\u00e1 charlas y talleres con la participaci\u00f3n de: Gustavo Basso, Alfredo Calvelo, Julio Viera, Carmelo Saitta, Jo\u00e3o Pedro Oliveira, Federico Schumacher, Mario Mary y Manuel Rocha-Iturbide.<\/p>\n<p>&nbsp;<\/p>\n<p>El Festival Internacional de M\u00fasica Electroac\u00fastica cuenta con el apoyo de Iberm\u00fasicas.<\/p>\n<p>21, 22 y 23 de agosto a partir de las 14h en Arthaus Central, Bartolom\u00e9 Mitre 434, Ciudad de Buenos Aires, Argentina. Con entrada libre hasta agotar localidades.<\/p>\n<p>&nbsp;<\/p>\n<p>Facebook: @FIMEargentina<\/p>\n<p>Youtube: @FIMEelectroacustica<\/p>\n","protected":false},"excerpt":{"rendered":"<p>Durante tres d\u00edas se presentar\u00e1n obras de Federico Schumacher, Artiom Constantinov, Ra\u00fal Minsburg, Mario Mary, Pablo Freiberg, Manuel Rocha-Iturbide, Sandra Gonz\u00e1lez, Jo\u00e3o Pedro Oliveira, Tseng Yu-Chung, Daniel Schachter, Pablo Di Liscia, Iracema De Andrade, Dariush Derakhshani, Eleazar Garz\u00f3n, Jorge Sad Levi, Carolina Carrizo, David Q. Nguyen, Dariusz Mazurowski, Ricardo De Armas, Christian Eloy, Jos\u00e9 Halac, [&hellip;]<\/p>\n","protected":false},"author":7,"featured_media":16600,"comment_status":"closed","ping_status":"closed","sticky":false,"template":"","format":"standard","meta":{"_monsterinsights_skip_tracking":false,"_monsterinsights_sitenote_active":false,"_monsterinsights_sitenote_note":"","_monsterinsights_sitenote_category":0,"footnotes":""},"categories":[53],"tags":[],"class_list":["post-16599","post","type-post","status-publish","format-standard","has-post-thumbnail","hentry","category-noticias-generales"],"lang":"es","translations":{"es":16599,"pt":16602},"pll_sync_post":[],"post_mailing_queue_ids":[],"_links":{"self":[{"href":"https:\/\/www.ibermusicas.org\/index.php\/wp-json\/wp\/v2\/posts\/16599","targetHints":{"allow":["GET"]}}],"collection":[{"href":"https:\/\/www.ibermusicas.org\/index.php\/wp-json\/wp\/v2\/posts"}],"about":[{"href":"https:\/\/www.ibermusicas.org\/index.php\/wp-json\/wp\/v2\/types\/post"}],"author":[{"embeddable":true,"href":"https:\/\/www.ibermusicas.org\/index.php\/wp-json\/wp\/v2\/users\/7"}],"replies":[{"embeddable":true,"href":"https:\/\/www.ibermusicas.org\/index.php\/wp-json\/wp\/v2\/comments?post=16599"}],"version-history":[{"count":0,"href":"https:\/\/www.ibermusicas.org\/index.php\/wp-json\/wp\/v2\/posts\/16599\/revisions"}],"wp:featuredmedia":[{"embeddable":true,"href":"https:\/\/www.ibermusicas.org\/index.php\/wp-json\/wp\/v2\/media\/16600"}],"wp:attachment":[{"href":"https:\/\/www.ibermusicas.org\/index.php\/wp-json\/wp\/v2\/media?parent=16599"}],"wp:term":[{"taxonomy":"category","embeddable":true,"href":"https:\/\/www.ibermusicas.org\/index.php\/wp-json\/wp\/v2\/categories?post=16599"},{"taxonomy":"post_tag","embeddable":true,"href":"https:\/\/www.ibermusicas.org\/index.php\/wp-json\/wp\/v2\/tags?post=16599"}],"curies":[{"name":"wp","href":"https:\/\/api.w.org\/{rel}","templated":true}]}}