{"id":16602,"date":"2023-08-14T17:35:36","date_gmt":"2023-08-14T17:35:36","guid":{"rendered":"https:\/\/www.ibermusicas.org\/?p=16602"},"modified":"2023-08-31T13:31:29","modified_gmt":"2023-08-31T13:31:29","slug":"em-buenos-aires-argentina-sera-realizada-uma-nova-edicao-do-fime-festival-internacional-de-musica-eletroacustica","status":"publish","type":"post","link":"https:\/\/www.ibermusicas.org\/index.php\/em-buenos-aires-argentina-sera-realizada-uma-nova-edicao-do-fime-festival-internacional-de-musica-eletroacustica\/","title":{"rendered":"Em Buenos Aires, Argentina, ser\u00e1 realizada uma nova edi\u00e7\u00e3o do FIME &#8211; Festival Internacional de M\u00fasica Eletroac\u00fastica"},"content":{"rendered":"<p>Durante tr\u00eas dias, ser\u00e3o apresentadas obras de Federico Schumacher, Artiom Constantinov, Ra\u00fal Minsburg, Mario Mary, Pablo Freiberg, Manuel Rocha-Iturbide, Sandra Gonz\u00e1lez, Jo\u00e3o Pedro Oliveira, Tseng Yu-Chung, Daniel Schachter, Pablo Di Liscia, Iracema De Andrade, Dariush Derakhshani, Eleazar Garz\u00f3n, Jorge Sad Levi, Carolina Carrizo, David Q. Nguyen, Dariusz Mazurowski, Ricardo De Armas, Christian Eloy, Jos\u00e9 Halac, Daniel Quaranta, Luis Quintana, Elsa Justel, Antonio Mazzotti e Tonalli Rufino Nakamura.<\/p>\n<p>&nbsp;<\/p>\n<p>Haver\u00e1 tamb\u00e9m palestras e workshops com a participa\u00e7\u00e3o de: Gustavo Basso, Alfredo Calvelo, Julio Viera, Carmelo Saitta, Jo\u00e3o Pedro Oliveira, Federico Schumacher, Mario Mary e Manuel Rocha-Iturbide.<\/p>\n<p>O Festival Internacional de M\u00fasica Eletroac\u00fastica tem o apoio do Iberm\u00fasicas.<\/p>\n<p>21, 22 e 23 de agosto, a partir das 14h, no Arthaus Central, Bartolom\u00e9 Mitre 434, Cidade de Buenos Aires, Argentina. Entrada franca at\u00e9 esgotar os ingressos.<\/p>\n<p>&nbsp;<\/p>\n<p>Facebook: @FIMEargentina<\/p>\n<p>Youtube: @FIMEelectroacustica<\/p>\n","protected":false},"excerpt":{"rendered":"<p>Durante tr\u00eas dias, ser\u00e3o apresentadas obras de Federico Schumacher, Artiom Constantinov, Ra\u00fal Minsburg, Mario Mary, Pablo Freiberg, Manuel Rocha-Iturbide, Sandra Gonz\u00e1lez, Jo\u00e3o Pedro Oliveira, Tseng Yu-Chung, Daniel Schachter, Pablo Di Liscia, Iracema De Andrade, Dariush Derakhshani, Eleazar Garz\u00f3n, Jorge Sad Levi, Carolina Carrizo, David Q. Nguyen, Dariusz Mazurowski, Ricardo De Armas, Christian Eloy, Jos\u00e9 Halac, [&hellip;]<\/p>\n","protected":false},"author":7,"featured_media":16600,"comment_status":"closed","ping_status":"closed","sticky":false,"template":"","format":"standard","meta":{"_monsterinsights_skip_tracking":false,"_monsterinsights_sitenote_active":false,"_monsterinsights_sitenote_note":"","_monsterinsights_sitenote_category":0,"footnotes":""},"categories":[218],"tags":[],"class_list":["post-16602","post","type-post","status-publish","format-standard","has-post-thumbnail","hentry","category-noticias-generales-pt"],"lang":"pt","translations":{"pt":16602,"es":16599},"pll_sync_post":[],"post_mailing_queue_ids":[],"_links":{"self":[{"href":"https:\/\/www.ibermusicas.org\/index.php\/wp-json\/wp\/v2\/posts\/16602","targetHints":{"allow":["GET"]}}],"collection":[{"href":"https:\/\/www.ibermusicas.org\/index.php\/wp-json\/wp\/v2\/posts"}],"about":[{"href":"https:\/\/www.ibermusicas.org\/index.php\/wp-json\/wp\/v2\/types\/post"}],"author":[{"embeddable":true,"href":"https:\/\/www.ibermusicas.org\/index.php\/wp-json\/wp\/v2\/users\/7"}],"replies":[{"embeddable":true,"href":"https:\/\/www.ibermusicas.org\/index.php\/wp-json\/wp\/v2\/comments?post=16602"}],"version-history":[{"count":0,"href":"https:\/\/www.ibermusicas.org\/index.php\/wp-json\/wp\/v2\/posts\/16602\/revisions"}],"wp:featuredmedia":[{"embeddable":true,"href":"https:\/\/www.ibermusicas.org\/index.php\/wp-json\/wp\/v2\/media\/16600"}],"wp:attachment":[{"href":"https:\/\/www.ibermusicas.org\/index.php\/wp-json\/wp\/v2\/media?parent=16602"}],"wp:term":[{"taxonomy":"category","embeddable":true,"href":"https:\/\/www.ibermusicas.org\/index.php\/wp-json\/wp\/v2\/categories?post=16602"},{"taxonomy":"post_tag","embeddable":true,"href":"https:\/\/www.ibermusicas.org\/index.php\/wp-json\/wp\/v2\/tags?post=16602"}],"curies":[{"name":"wp","href":"https:\/\/api.w.org\/{rel}","templated":true}]}}