{"id":16705,"date":"2023-08-31T13:47:07","date_gmt":"2023-08-31T13:47:07","guid":{"rendered":"https:\/\/www.ibermusicas.org\/?p=16705"},"modified":"2023-09-29T13:45:45","modified_gmt":"2023-09-29T13:45:45","slug":"a-professora-chilena-karin-friedli-andrade-leva-ao-mexico-sua-proposta-mulher-patagonia-e-musica","status":"publish","type":"post","link":"https:\/\/www.ibermusicas.org\/index.php\/a-professora-chilena-karin-friedli-andrade-leva-ao-mexico-sua-proposta-mulher-patagonia-e-musica\/","title":{"rendered":"A professora chilena Karin Friedli Andrade leva ao M\u00e9xico sua proposta Mulher, Patag\u00f4nia e M\u00fasica"},"content":{"rendered":"<p>O Projeto Mulher, Patag\u00f4nia e M\u00fasica consiste em levar repert\u00f3rio coral do Chile e da Argentina a duas institui\u00e7\u00f5es de duas cidades do M\u00e9xico, realizando masterclasses e workshops sobre ritmos locais, d\u00e9cima campesina e interpreta\u00e7\u00e3o em cada uma delas. O repert\u00f3rio tem como tema central a mulher, explorada em suas facetas de compositora, poetisa e protagonista. As aulas ser\u00e3o ministradas por Karin Friedli Andrade, Soprano, Bacharel em Letras com habilita\u00e7\u00e3o em Teoria Musical, titulada em Reg\u00eancia Coral com m\u00e1xima distin\u00e7\u00e3o, e p\u00f3s-graduada em Reg\u00eancia de Orquestras Infanto-Juvenis. Diretora al\u00e9m de 5 grupos corais e uma orquestra, nascido em Tierra del Fuego, Patag\u00f4nia chileno-argentina.<\/p>\n<p>&nbsp;<\/p>\n<p><em>\u00abO folclore da Am\u00e9rica Latina, como \u00e9 natural, permeou a academia. Os ritmos e as letras da terra se misturam com a estiliza\u00e7\u00e3o da linguagem do conservat\u00f3rio. Da minha origem patag\u00f4nica, na Tierra del Fuego, onde termina o continente, quis pegar os dois mundos e fazer essa oficina pr\u00e1tica de interpreta\u00e7\u00e3o de partituras corais baseadas no folclore do Chile e da Argentina, os dois pa\u00edses onde morei. O tema \u00e9 a m\u00fasica coral desses dois pa\u00edses com complexidades diferentes em suas abordagem, e com a mulher como centro do tema; a compositora, a poetisa, a personagem.\u00bb<\/em><\/p>\n<p>&nbsp;<\/p>\n<ul>\n<li>5, 6 e 7 de setembro, \u00e0s 16h, Sal\u00e3o Abundio Mart\u00ednez do Centro de Artes Hidalgo<\/li>\n<li>13 e 14 de setembro no Audit\u00f3rio EMA da Universidade Benem\u00e9rita de Puebla, Faculdade de Letras<\/li>\n<\/ul>\n","protected":false},"excerpt":{"rendered":"<p>O Projeto Mulher, Patag\u00f4nia e M\u00fasica consiste em levar repert\u00f3rio coral do Chile e da Argentina a duas institui\u00e7\u00f5es de duas cidades do M\u00e9xico, realizando masterclasses e workshops sobre ritmos locais, d\u00e9cima campesina e interpreta\u00e7\u00e3o em cada uma delas. O repert\u00f3rio tem como tema central a mulher, explorada em suas facetas de compositora, poetisa e [&hellip;]<\/p>\n","protected":false},"author":7,"featured_media":16703,"comment_status":"closed","ping_status":"closed","sticky":false,"template":"","format":"standard","meta":{"_monsterinsights_skip_tracking":false,"_monsterinsights_sitenote_active":false,"_monsterinsights_sitenote_note":"","_monsterinsights_sitenote_category":0,"footnotes":""},"categories":[218],"tags":[],"class_list":["post-16705","post","type-post","status-publish","format-standard","has-post-thumbnail","hentry","category-noticias-generales-pt"],"lang":"pt","translations":{"pt":16705,"es":16702},"pll_sync_post":[],"post_mailing_queue_ids":[],"_links":{"self":[{"href":"https:\/\/www.ibermusicas.org\/index.php\/wp-json\/wp\/v2\/posts\/16705","targetHints":{"allow":["GET"]}}],"collection":[{"href":"https:\/\/www.ibermusicas.org\/index.php\/wp-json\/wp\/v2\/posts"}],"about":[{"href":"https:\/\/www.ibermusicas.org\/index.php\/wp-json\/wp\/v2\/types\/post"}],"author":[{"embeddable":true,"href":"https:\/\/www.ibermusicas.org\/index.php\/wp-json\/wp\/v2\/users\/7"}],"replies":[{"embeddable":true,"href":"https:\/\/www.ibermusicas.org\/index.php\/wp-json\/wp\/v2\/comments?post=16705"}],"version-history":[{"count":0,"href":"https:\/\/www.ibermusicas.org\/index.php\/wp-json\/wp\/v2\/posts\/16705\/revisions"}],"wp:featuredmedia":[{"embeddable":true,"href":"https:\/\/www.ibermusicas.org\/index.php\/wp-json\/wp\/v2\/media\/16703"}],"wp:attachment":[{"href":"https:\/\/www.ibermusicas.org\/index.php\/wp-json\/wp\/v2\/media?parent=16705"}],"wp:term":[{"taxonomy":"category","embeddable":true,"href":"https:\/\/www.ibermusicas.org\/index.php\/wp-json\/wp\/v2\/categories?post=16705"},{"taxonomy":"post_tag","embeddable":true,"href":"https:\/\/www.ibermusicas.org\/index.php\/wp-json\/wp\/v2\/tags?post=16705"}],"curies":[{"name":"wp","href":"https:\/\/api.w.org\/{rel}","templated":true}]}}