{"id":16810,"date":"2023-09-14T18:45:24","date_gmt":"2023-09-14T18:45:24","guid":{"rendered":"https:\/\/www.ibermusicas.org\/?p=16810"},"modified":"2023-09-28T22:55:15","modified_gmt":"2023-09-28T22:55:15","slug":"el-ensemble-med-de-portugal-lleva-al-festival-artes-vertentes-de-tiradentes-brasil-el-dialogo-interculturas-en-el-mediterraneo-medieval","status":"publish","type":"post","link":"https:\/\/www.ibermusicas.org\/index.php\/el-ensemble-med-de-portugal-lleva-al-festival-artes-vertentes-de-tiradentes-brasil-el-dialogo-interculturas-en-el-mediterraneo-medieval\/","title":{"rendered":"El Ensemble Med de Portugal lleva al Festival Artes Vertentes de Tiradentes, Brasil, el Di\u00e1logo Interculturas en el Mediterr\u00e1neo Medieval"},"content":{"rendered":"<p>El Ensemble Med [med: mediterr\u00e1neo\/medieval] propone un proyecto \u00edntimo que rinde homenaje al patrimonio musical medieval con ra\u00edces mediterr\u00e1neas, buscando resaltar la riqueza cultural de esta regi\u00f3n de una forma hist\u00f3ricamente informada, tanto en la m\u00fasica escrita como en la tradici\u00f3n oral, con \u00e9nfasis en la tradici\u00f3n del Adufe, un instrumento de percusi\u00f3n portugu\u00e9s.<\/p>\n<p>&nbsp;<\/p>\n<p>Como laboratorio creativo, busca siempre una interpretaci\u00f3n propia, viva y actual de la m\u00fasica que se hace en torno a Iberia y las regiones circundantes del Mar Mediterr\u00e1neo, en un enfoque multicultural y transversal.<\/p>\n<p>&nbsp;<\/p>\n<p>El programa \u00abDi\u00e1logo intercultural en el Mediterr\u00e1neo medieval\u00bb pretende poner de relieve el entrelazamiento estil\u00edstico de las culturas que coexistieron en este periodo, a trav\u00e9s de una cuidada selecci\u00f3n de temas devocionales marianos, canciones sefard\u00edes y temas moriscos.<\/p>\n<p>&nbsp;<\/p>\n<p>El programa \u00abDi\u00e1logo Intercultural en el Mediterr\u00e1neo Medieval\u00bb es un viaje intercultural entre Europa Occidental y Orienta que pretende potenciar la conciencia hist\u00f3rica a trav\u00e9s de la m\u00fasica. Su punto de referencia es el periodo de convivencia entre cristianos, jud\u00edos y moriscos hasta finales del siglo XVI en la Pen\u00ednsula Ib\u00e9rica y los posteriores movimientos de di\u00e1spora provocados por la unificaci\u00f3n cristiana de los Reyes Cat\u00f3licos, que llevaron a la separaci\u00f3n de estas tres culturas y al asentamiento de la mayor\u00eda de los jud\u00edos expulsados (sefard\u00edes) en diversas partes del mundo.<\/p>\n<p>&nbsp;<\/p>\n<p>La tradici\u00f3n de los Adufes es uno de los mayores s\u00edmbolos de la tradici\u00f3n y riqueza musical del municipio de Idanha-a-Nova (Portugal), entidad socia del Ensemble, y fue uno de los estandartes de la candidatura a Ciudad Creativa de la M\u00fasica de la UNESCO, distinci\u00f3n concedida en 2015 y revalidada en 2020.<\/p>\n<p>&nbsp;<\/p>\n<p>\u00abDi\u00e1logo interculturas en el Mediterr\u00e1neo medieval\u00bb es un homenaje a la riqueza intercultural de la m\u00fasica portuguesa anterior a 1500, con el tel\u00f3n de fondo de las ciudades patrimoniales de Tiradentes, Minas Gerais.<\/p>\n<p>&nbsp;<\/p>\n<p>El Ensemble Med est\u00e1 formado actualmente por Daniela Tomaz: direcci\u00f3n art\u00edstica, flautas y adufe, Joana Godinho: canto, S\u00e9rgio Calisto: viola d&#8217;amore a chiavi y moraharpa y Laurent Safar: percusi\u00f3n hist\u00f3rica.<\/p>\n<p>&nbsp;<\/p>\n<p>La gira brasile\u00f1a del Ensemble Med cuenta con el apoyo del Programa Iberm\u00fasicas y del Festival Artes Vertentes.<\/p>\n<p>&nbsp;<\/p>\n<p>&nbsp;<\/p>\n<p>17 de septiembre 19h en Festival Artes Vertentes &#8211; Festival Internacional de Artes, Iglesia S\u00e3o Jo\u00e3o Evangelista, Tiradentes\/MG, Brasil<\/p>\n<p><a href=\"http:\/\/www.ensemblemed.pt\/\">www.ensemblemed.pt<\/a><\/p>\n<p><a href=\"https:\/\/www.youtube.com\/@ensemblemed\">https:\/\/www.youtube.com\/@ensemblemed<\/a><\/p>\n","protected":false},"excerpt":{"rendered":"<p>El Ensemble Med [med: mediterr\u00e1neo\/medieval] propone un proyecto \u00edntimo que rinde homenaje al patrimonio musical medieval con ra\u00edces mediterr\u00e1neas, buscando resaltar la riqueza cultural de esta regi\u00f3n de una forma hist\u00f3ricamente informada, tanto en la m\u00fasica escrita como en la tradici\u00f3n oral, con \u00e9nfasis en la tradici\u00f3n del Adufe, un instrumento de percusi\u00f3n portugu\u00e9s. &nbsp; [&hellip;]<\/p>\n","protected":false},"author":7,"featured_media":16811,"comment_status":"closed","ping_status":"closed","sticky":false,"template":"","format":"standard","meta":{"_monsterinsights_skip_tracking":false,"_monsterinsights_sitenote_active":false,"_monsterinsights_sitenote_note":"","_monsterinsights_sitenote_category":0,"footnotes":""},"categories":[53],"tags":[],"class_list":["post-16810","post","type-post","status-publish","format-standard","has-post-thumbnail","hentry","category-noticias-generales"],"lang":"es","translations":{"es":16810,"pt":16813},"pll_sync_post":[],"post_mailing_queue_ids":[],"_links":{"self":[{"href":"https:\/\/www.ibermusicas.org\/index.php\/wp-json\/wp\/v2\/posts\/16810","targetHints":{"allow":["GET"]}}],"collection":[{"href":"https:\/\/www.ibermusicas.org\/index.php\/wp-json\/wp\/v2\/posts"}],"about":[{"href":"https:\/\/www.ibermusicas.org\/index.php\/wp-json\/wp\/v2\/types\/post"}],"author":[{"embeddable":true,"href":"https:\/\/www.ibermusicas.org\/index.php\/wp-json\/wp\/v2\/users\/7"}],"replies":[{"embeddable":true,"href":"https:\/\/www.ibermusicas.org\/index.php\/wp-json\/wp\/v2\/comments?post=16810"}],"version-history":[{"count":0,"href":"https:\/\/www.ibermusicas.org\/index.php\/wp-json\/wp\/v2\/posts\/16810\/revisions"}],"wp:featuredmedia":[{"embeddable":true,"href":"https:\/\/www.ibermusicas.org\/index.php\/wp-json\/wp\/v2\/media\/16811"}],"wp:attachment":[{"href":"https:\/\/www.ibermusicas.org\/index.php\/wp-json\/wp\/v2\/media?parent=16810"}],"wp:term":[{"taxonomy":"category","embeddable":true,"href":"https:\/\/www.ibermusicas.org\/index.php\/wp-json\/wp\/v2\/categories?post=16810"},{"taxonomy":"post_tag","embeddable":true,"href":"https:\/\/www.ibermusicas.org\/index.php\/wp-json\/wp\/v2\/tags?post=16810"}],"curies":[{"name":"wp","href":"https:\/\/api.w.org\/{rel}","templated":true}]}}