{"id":16813,"date":"2023-09-14T18:47:25","date_gmt":"2023-09-14T18:47:25","guid":{"rendered":"https:\/\/www.ibermusicas.org\/?p=16813"},"modified":"2023-09-29T13:43:51","modified_gmt":"2023-09-29T13:43:51","slug":"o-ensemble-med-de-portugal-leva-o-dialogo-interculturas-no-mediterraneo-medieval-para-o-festival-artes-vertentes-de-tiradentes-brasil","status":"publish","type":"post","link":"https:\/\/www.ibermusicas.org\/index.php\/o-ensemble-med-de-portugal-leva-o-dialogo-interculturas-no-mediterraneo-medieval-para-o-festival-artes-vertentes-de-tiradentes-brasil\/","title":{"rendered":"O Ensemble Med de Portugal leva o Di\u00e1logo Interculturas no Mediterr\u00e2neo Medieval para o Festival Artes Vertentes de Tiradentes, Brasil"},"content":{"rendered":"<p>O Ensemble Med [med: mediterr\u00e2neo\/medieval] prop\u00f5e um projeto intimista que homenageia o patrim\u00f3nio musical medieval de raiz mediterr\u00e2nica, procurando evidenciar a riqueza cultural desta regi\u00e3o de uma forma historicamente informada, tanto na m\u00fasica escrita como na tradi\u00e7\u00e3o oral, com destaque \u00e0 tradi\u00e7\u00e3o do Adufe, instrumento de percuss\u00e3o portugu\u00eas.<\/p>\n<p>&nbsp;<\/p>\n<p>Como laborat\u00f3rio criativo, procura sempre a sua pr\u00f3pria interpreta\u00e7\u00e3o viva e atual da m\u00fasica realizada em torno da Ib\u00e9ria e das regi\u00f5es circundantes do Mar Mediterr\u00e2neo, numa abordagem multicultural e transversal.<\/p>\n<p>&nbsp;<\/p>\n<p>O Programa \u201cDi\u00e1logo Interculturas no Mediterr\u00e2neo Medieval\u201d procura evidenciar o entrecruzamento estil\u00edstico entre as culturas coexistentes neste per\u00edodo, atrav\u00e9s de uma criteriosa sele\u00e7\u00e3o de temas de devo\u00e7\u00e3o mariana, can\u00e7\u00f5es sefarditas e temas mouriscos.<\/p>\n<p>&nbsp;<\/p>\n<p>O Programa \u201cDi\u00e1logo Interculturas no Mediterr\u00e2neo Medieval\u201d \u00e9 uma viagem intercultural entre o Ocidente e o Oriente Europeu, que almeja o potenciamento da consci\u00eancia hist\u00f3rica atrav\u00e9s da m\u00fasica. Procura evidenciar o entrecruzamento estil\u00edstico existente at\u00e9 final do s\u00e9c. XVI na Pen\u00ednsula Ib\u00e9rica entre crist\u00e3os, judeus sefarditas e mouriscos, assim como os posteriores movimentos de di\u00e1spora provocados pelo reinado dos \u201cReis Cat\u00f3licos\u201d, que provocou a separa\u00e7\u00e3o dessas tr\u00eas culturas e o estabelecimento da maioria dos judeus expulsos (sefarditas) em diversas partes do mundo, incluindo a atual Turquia.<\/p>\n<p>&nbsp;<\/p>\n<p>A tradi\u00e7\u00e3o dos Adufes \u00e9 um dos s\u00edmbolos maiores da tradi\u00e7\u00e3o e riqueza musical do concelho de Idanha-a-Nova (Portugal), entidade parceira do Ensemble, e foi um dos estandartes da candidatura a Cidade Criativa da M\u00fasica da UNESCO, distin\u00e7\u00e3o conferida em 2015 e revalidada em 2020.<\/p>\n<p>&nbsp;<\/p>\n<p>\u201cDi\u00e1logo Interculturas no Mediterr\u00e2neo Medieval\u201d \u00e9 uma homenagem \u00e0 riqueza intercultural da m\u00fasica Portuguesa antes de 1500, tendo como cen\u00e1rio, a cidade patrimonial de Tiradentes, em Minas Gerais.<\/p>\n<p>&nbsp;<\/p>\n<p>O Ensemble Med est\u00e1 atualmente integrado por Daniela Tomaz: dire\u00e7\u00e3o art\u00edstica, flautas e adufe, Joana Godinho: canto, S\u00e9rgio Calisto: viola d\u2019amore a chiavi e moraharpa e Laurent Safar: percuss\u00e3o hist\u00f3rica.<\/p>\n<p>&nbsp;<\/p>\n<p>A turn\u00ea brasileira do Ensemble Med conta com o apoio do Programa Iberm\u00fasicas e do Festival Artes Vertentes.<\/p>\n<p>&nbsp;<\/p>\n<p>17 setembro 19h no Festival Artes Vertentes &#8211; Festival Internacional de Artes,\u00a0 Igreja de S\u00e3o Jo\u00e3o Evangelista, Tiradentes\/MG, Brasil<\/p>\n<p><a href=\"http:\/\/www.ensemblemed.pt\/\">www.ensemblemed.pt<\/a><\/p>\n<p><a href=\"https:\/\/www.youtube.com\/@ensemblemed\">https:\/\/www.youtube.com\/@ensemblemed<\/a><\/p>\n","protected":false},"excerpt":{"rendered":"<p>O Ensemble Med [med: mediterr\u00e2neo\/medieval] prop\u00f5e um projeto intimista que homenageia o patrim\u00f3nio musical medieval de raiz mediterr\u00e2nica, procurando evidenciar a riqueza cultural desta regi\u00e3o de uma forma historicamente informada, tanto na m\u00fasica escrita como na tradi\u00e7\u00e3o oral, com destaque \u00e0 tradi\u00e7\u00e3o do Adufe, instrumento de percuss\u00e3o portugu\u00eas. &nbsp; Como laborat\u00f3rio criativo, procura sempre a [&hellip;]<\/p>\n","protected":false},"author":7,"featured_media":16811,"comment_status":"closed","ping_status":"closed","sticky":false,"template":"","format":"standard","meta":{"_monsterinsights_skip_tracking":false,"_monsterinsights_sitenote_active":false,"_monsterinsights_sitenote_note":"","_monsterinsights_sitenote_category":0,"footnotes":""},"categories":[218],"tags":[],"class_list":["post-16813","post","type-post","status-publish","format-standard","has-post-thumbnail","hentry","category-noticias-generales-pt"],"lang":"pt","translations":{"pt":16813,"es":16810},"pll_sync_post":[],"post_mailing_queue_ids":[],"_links":{"self":[{"href":"https:\/\/www.ibermusicas.org\/index.php\/wp-json\/wp\/v2\/posts\/16813","targetHints":{"allow":["GET"]}}],"collection":[{"href":"https:\/\/www.ibermusicas.org\/index.php\/wp-json\/wp\/v2\/posts"}],"about":[{"href":"https:\/\/www.ibermusicas.org\/index.php\/wp-json\/wp\/v2\/types\/post"}],"author":[{"embeddable":true,"href":"https:\/\/www.ibermusicas.org\/index.php\/wp-json\/wp\/v2\/users\/7"}],"replies":[{"embeddable":true,"href":"https:\/\/www.ibermusicas.org\/index.php\/wp-json\/wp\/v2\/comments?post=16813"}],"version-history":[{"count":0,"href":"https:\/\/www.ibermusicas.org\/index.php\/wp-json\/wp\/v2\/posts\/16813\/revisions"}],"wp:featuredmedia":[{"embeddable":true,"href":"https:\/\/www.ibermusicas.org\/index.php\/wp-json\/wp\/v2\/media\/16811"}],"wp:attachment":[{"href":"https:\/\/www.ibermusicas.org\/index.php\/wp-json\/wp\/v2\/media?parent=16813"}],"wp:term":[{"taxonomy":"category","embeddable":true,"href":"https:\/\/www.ibermusicas.org\/index.php\/wp-json\/wp\/v2\/categories?post=16813"},{"taxonomy":"post_tag","embeddable":true,"href":"https:\/\/www.ibermusicas.org\/index.php\/wp-json\/wp\/v2\/tags?post=16813"}],"curies":[{"name":"wp","href":"https:\/\/api.w.org\/{rel}","templated":true}]}}