{"id":16815,"date":"2023-09-14T19:13:19","date_gmt":"2023-09-14T19:13:19","guid":{"rendered":"https:\/\/www.ibermusicas.org\/?p=16815"},"modified":"2023-09-28T22:55:09","modified_gmt":"2023-09-28T22:55:09","slug":"llega-inspira-foro-iberoamericano-de-profesionales-de-la-musica","status":"publish","type":"post","link":"https:\/\/www.ibermusicas.org\/index.php\/llega-inspira-foro-iberoamericano-de-profesionales-de-la-musica\/","title":{"rendered":"Llega \u201cInspira\u201d, Foro Iberoamericano de profesionales de la m\u00fasica"},"content":{"rendered":"<p>\u201cInspira, Foro Iberoamericano de profesionales de la m\u00fasica\u201d es un proyecto que tiene por objetivo compartir los pasos a seguir en el futuro m\u00e1s inmediato: un encuentro en el que el debate de ideas, el impulso de leyes y las estrategias, se posicionan como pilares fundamentales, as\u00ed como lo son tambi\u00e9n las voces que desde los escenarios de distintos pa\u00edses se alzan para visibilizar la diferencia, la integraci\u00f3n, la desigualdad y la necesidad de cambios.<\/p>\n<p>&nbsp;<\/p>\n<p>Busca establecer un encuentro inspiracional de la escena de la industria musical en todos sus rangos representada por mujeres y disidencias de Iberoam\u00e9rica en el marco de una doble jornada de actividades que tendr\u00e1n formato de charlas, sesiones formativas y showcases musicales. Los pa\u00edses focales son Espa\u00f1a, Argentina, Colombia, Chile y M\u00e9xico.<\/p>\n<p>&nbsp;<\/p>\n<p>El desaf\u00edo de este encuentro se basa en el intercambio como base para el mejoramiento y la potencialidad de las y los trabajadores, sin distinci\u00f3n de roles en la industria musical, su reposicionamiento en el estatus de liderazgo, el acceso a las nuevas tecnolog\u00edas, la comunicaci\u00f3n y el acceso a los recursos econ\u00f3micos.<\/p>\n<p>&nbsp;<\/p>\n<p>El Foro girar\u00e1 alrededor del an\u00e1lisis y la reflexi\u00f3n sobre los siguientes tres ejes: Diversidades en la industria, Origen y tradici\u00f3n y Situaci\u00f3n laboral del sector<\/p>\n<p>&nbsp;<\/p>\n<p>MIM es una organizaci\u00f3n sin \u00e1nimo de lucro cuyo objetivo se centra en el cumplimiento de la Ley de Igualdad en la industria de la m\u00fasica. Desde hace 6 a\u00f1os, MIM convoca actividades, eventos, investigaciones y estudios que abogan por reducir la latente brecha de g\u00e9nero del sector, lo que posiciona a la asociaci\u00f3n como un referente nacional e internacional.<\/p>\n<p>&nbsp;<\/p>\n<p>El Foro Iberoamericano de profesionales de la m\u00fasica de Espa\u00f1a ha sido ganador de la l\u00ednea de Programaci\u00f3n de Iberm\u00fasicas, convocatoria 2022.<\/p>\n<p>&nbsp;<\/p>\n<p>18 y 19 de septiembre en Fabra i Coats, Barcelona, Carrer de Sant Adri\u00e1, 20, Barcelona, Espa\u00f1a<\/p>\n<p>&nbsp;<\/p>\n","protected":false},"excerpt":{"rendered":"<p>\u201cInspira, Foro Iberoamericano de profesionales de la m\u00fasica\u201d es un proyecto que tiene por objetivo compartir los pasos a seguir en el futuro m\u00e1s inmediato: un encuentro en el que el debate de ideas, el impulso de leyes y las estrategias, se posicionan como pilares fundamentales, as\u00ed como lo son tambi\u00e9n las voces que desde [&hellip;]<\/p>\n","protected":false},"author":7,"featured_media":16816,"comment_status":"closed","ping_status":"closed","sticky":false,"template":"","format":"standard","meta":{"_monsterinsights_skip_tracking":false,"_monsterinsights_sitenote_active":false,"_monsterinsights_sitenote_note":"","_monsterinsights_sitenote_category":0,"footnotes":""},"categories":[53],"tags":[],"class_list":["post-16815","post","type-post","status-publish","format-standard","has-post-thumbnail","hentry","category-noticias-generales"],"lang":"es","translations":{"es":16815,"pt":16818},"pll_sync_post":[],"post_mailing_queue_ids":[],"_links":{"self":[{"href":"https:\/\/www.ibermusicas.org\/index.php\/wp-json\/wp\/v2\/posts\/16815","targetHints":{"allow":["GET"]}}],"collection":[{"href":"https:\/\/www.ibermusicas.org\/index.php\/wp-json\/wp\/v2\/posts"}],"about":[{"href":"https:\/\/www.ibermusicas.org\/index.php\/wp-json\/wp\/v2\/types\/post"}],"author":[{"embeddable":true,"href":"https:\/\/www.ibermusicas.org\/index.php\/wp-json\/wp\/v2\/users\/7"}],"replies":[{"embeddable":true,"href":"https:\/\/www.ibermusicas.org\/index.php\/wp-json\/wp\/v2\/comments?post=16815"}],"version-history":[{"count":0,"href":"https:\/\/www.ibermusicas.org\/index.php\/wp-json\/wp\/v2\/posts\/16815\/revisions"}],"wp:featuredmedia":[{"embeddable":true,"href":"https:\/\/www.ibermusicas.org\/index.php\/wp-json\/wp\/v2\/media\/16816"}],"wp:attachment":[{"href":"https:\/\/www.ibermusicas.org\/index.php\/wp-json\/wp\/v2\/media?parent=16815"}],"wp:term":[{"taxonomy":"category","embeddable":true,"href":"https:\/\/www.ibermusicas.org\/index.php\/wp-json\/wp\/v2\/categories?post=16815"},{"taxonomy":"post_tag","embeddable":true,"href":"https:\/\/www.ibermusicas.org\/index.php\/wp-json\/wp\/v2\/tags?post=16815"}],"curies":[{"name":"wp","href":"https:\/\/api.w.org\/{rel}","templated":true}]}}