{"id":16894,"date":"2023-09-29T16:19:04","date_gmt":"2023-09-29T16:19:04","guid":{"rendered":"https:\/\/www.ibermusicas.org\/?p=16894"},"modified":"2023-10-30T14:40:11","modified_gmt":"2023-10-30T14:40:11","slug":"o-sigma-projet-de-espanha-vai-realizar-a-sua-digressao-internacional-comemorativa-do-15o-aniversario-dos-horizontes-com-apresentacoes-em-dois-paises-da-america-latina","status":"publish","type":"post","link":"https:\/\/www.ibermusicas.org\/index.php\/o-sigma-projet-de-espanha-vai-realizar-a-sua-digressao-internacional-comemorativa-do-15o-aniversario-dos-horizontes-com-apresentacoes-em-dois-paises-da-america-latina\/","title":{"rendered":"O SIGMA Projet de Espanha vai realizar a sua digress\u00e3o internacional comemorativa do 15\u00ba anivers\u00e1rio \u00abDos Horizontes\u00bb, com apresenta\u00e7\u00f5es em dois pa\u00edses da Am\u00e9rica Latina"},"content":{"rendered":"<p>Desde 2012, o Projeto SIGMA (chamado de \u00abArditti do saxofone\u00bb pela imprensa musical internacional) vem desenvolvendo uma intensa atividade internacional no campo da pesquisa e cria\u00e7\u00e3o musical da m\u00fasica contempor\u00e2nea latino-americana, promovendo e estreando mais de 18 novos quartetos de saxofone, dedicados a eles.<\/p>\n<p>&nbsp;<\/p>\n<p>Durante 2023, com o apoio do Iberm\u00fasicas, o Projeto SIGMA realizar\u00e1 a sua digress\u00e3o internacional comemorativa do 15\u00ba anivers\u00e1rio \u00abDos Horizontes\u00bb, com dois novos projetos a serem apresentados na Am\u00e9rica Latina:<\/p>\n<p>&nbsp;<\/p>\n<ul>\n<li>Cria\u00e7\u00e3o de novos v\u00ednculos Espanha-M\u00e9xico no \u00e2mbito da m\u00fasica sinf\u00f3nica de concerto, para o qual a Orquestra Filarm\u00f3nica de Jalisco (considerada uma das principais orquestras do M\u00e9xico), com o seu maestro Jos\u00e9 Luis Castillo, ser\u00e1 a primeira orquestra mexicana convidada a realizar esta nova colabora\u00e7\u00e3o com o Projeto SIGMA, sendo a obra escolhida o \u00abConcerto para quarteto de saxofones e Orquestra Sinf\u00f3nica\u00bb do compositor Philip Glass, reconhecido internacionalmente como um dos compositores vivos mais influentes e apreciados do planeta.<\/li>\n<\/ul>\n<p>&nbsp;<\/p>\n<ul>\n<li>Participa\u00e7\u00e3o do Projeto SIGMA, pela primeira vez, no XII Festival Internacional de M\u00fasica Sacra de Bogot\u00e1, apresentando a estreia na Col\u00f4mbia da obra \u00abThe Fifth Century\u00bb para quarteto de saxofones e coro de vozes mistas, do compositor ingl\u00eas Gavin Bryars, celebrando o 80\u00ba anivers\u00e1rio deste compositor e a estreia mundial de \u00abEl silencio al rojo gira como un sol\u00bb, o novo quarteto dedicado ao SIGMA composto pela compositora colombiana Carolina Noguera, uma das mais importantes criadoras no atual campo da m\u00fasica de concerto na Col\u00f4mbia.<\/li>\n<\/ul>\n<p>&nbsp;<\/p>\n<p>\u00abDois Horizontes\u00bb, prop\u00f5e-se dar uma vis\u00e3o alargada da cultura musical contempor\u00e2nea atualmente existente no M\u00e9xico e na Col\u00f4mbia. Com o objetivo de atingir um vasto segmento do potencial p\u00fablico musical de ambos os pa\u00edses e o interc\u00e2mbio de conhecimentos e compet\u00eancias t\u00e9cnicas com o coletivo estudantil, est\u00e3o previstas v\u00e1rias a\u00e7\u00f5es pedag\u00f3gicas com o sistema Iberacademy em Medell\u00edn e a Faculdade de Artes da Universidade Javeriana em Bogot\u00e1.<\/p>\n<p>&nbsp;<\/p>\n<p>Paralelamente a estas duas apresenta\u00e7\u00f5es principais da digress\u00e3o \u00abDois Horizontes\u00bb, est\u00e3o previstas v\u00e1rias actividades pedag\u00f3gicas complementares e concertos paralelos de m\u00fasica de c\u00e2mara, com o objectivo de gerar debates enriquecedores sobre a nova m\u00fasica criativa com os diferentes p\u00fablicos presentes.<\/p>\n<p>&nbsp;<\/p>\n<p>O Projeto SIGMA nasceu em 2007 de uma necessidade muito espec\u00edfica: criar uma forma\u00e7\u00e3o de refer\u00eancia que fosse um laborat\u00f3rio de investiga\u00e7\u00e3o musical ao servi\u00e7o dos compositores; e valorizar a forma\u00e7\u00e3o de quarteto de saxofones no circuito profissional internacional de m\u00fasica de c\u00e2mara, com um repert\u00f3rio novo e exclusivo nascido no s\u00e9culo XXI. Se o quarteto de cordas foi o agrupamento rainha da m\u00fasica de c\u00e2mara do s\u00e9culo XX, o Projeto SIGMA afirma o quarteto de saxofones como o herdeiro do quarteto de cordas e um agrupamento de m\u00fasica de c\u00e2mara inovador no s\u00e9culo XXI.<\/p>\n<p>&nbsp;<\/p>\n<p>&nbsp;<\/p>\n<ul>\n<li>Domingo, 1 de outubro, 11h00: XXII Festival Internacional de M\u00fasica SACRA de Bogot\u00e1. Programa: Sonus Gratiae, Audit\u00f3rio Fabio Lozano, Bogot\u00e1, Col\u00f4mbia.<\/li>\n<li>Segunda-feira, 2 de outubro, das 9h30 \u00e0s 12h30: Conversa \u00abM\u00fasica criativa nos dois lados do Atl\u00e2ntico\u00bb. Coordenado por: Carolina Noguera (Col\u00f4mbia), com a participa\u00e7\u00e3o de: Helga Arias (Espanha), Moderado por: Juan Camilo V\u00e1squez. Faculdade de Letras-Universidade Javeriana, Bogot\u00e1, Col\u00f4mbia.<\/li>\n<li>Ter\u00e7a-feira 3 a quinta-feira 5 de outubro; Oficinas pedag\u00f3gicas na Iberacademy, Medell\u00edn, Col\u00f4mbia.<\/li>\n<li>Sexta-feira, 6 de outubro, 20h: Concerto com a Orquestra Sinf\u00f3nica da Iberacademia, Teatro Metropolitano de Medell\u00edn, Col\u00f4mbia<\/li>\n<li>Domingo, 8 de outubro, 12h: Leonora (orat\u00f3rio Son\u00e1mbulo en las Tierras de Espa\u00f1a) de \u00c9rika Vega e Alberto Cornejos. Audit\u00f3rio do Museo Universitario, Insurgentes Sur 3000.<\/li>\n<li>S\u00e1bado, 18 de novembro, 23h: Concerto no 35\u00ba Festival Internacional de M\u00fasica de Morelia, M\u00e9xico.<\/li>\n<li>Quinta-feira, 23 de novembro, 20h: Concerto com a Orquesta Filarm\u00f3nica de Jalisco. Dire\u00e7\u00e3o: Jos\u00e9 Luis Castillo, Teatro Degollado, Guadalajara, M\u00e9xico.<\/li>\n<li>Sexta-feira, 24 de novembro: Concerto de C\u00e2mara SP. Espa\u00e7o Conjunto Santander, Guadalajara, M\u00e9xico.<\/li>\n<li>S\u00e1bado, 25 de novembro: Concerto de C\u00e2mara na cidade de Xalapa, M\u00e9xico.<\/li>\n<li>Domingo, 26 de novembro, 12h: Segunda atua\u00e7\u00e3o com a Orquestra Filarm\u00f3nica de Jalisco. Maestro: Jos\u00e9 Luis Castillo. Teatro Degollado, Guadalajara, M\u00e9xico<\/li>\n<li>Segunda-feira, 27 de novembro, 19h: Concerto no El Colegio Nacional, Cidade do M\u00e9xico.<\/li>\n<\/ul>\n<p>&nbsp;<\/p>\n<p><a href=\"http:\/\/www.sigmaproject.es\">www.sigmaproject.es<\/a><\/p>\n<p>&nbsp;<\/p>\n","protected":false},"excerpt":{"rendered":"<p>Desde 2012, o Projeto SIGMA (chamado de \u00abArditti do saxofone\u00bb pela imprensa musical internacional) vem desenvolvendo uma intensa atividade internacional no campo da pesquisa e cria\u00e7\u00e3o musical da m\u00fasica contempor\u00e2nea latino-americana, promovendo e estreando mais de 18 novos quartetos de saxofone, dedicados a eles. &nbsp; Durante 2023, com o apoio do Iberm\u00fasicas, o Projeto SIGMA [&hellip;]<\/p>\n","protected":false},"author":7,"featured_media":16892,"comment_status":"closed","ping_status":"closed","sticky":false,"template":"","format":"standard","meta":{"_monsterinsights_skip_tracking":false,"_monsterinsights_sitenote_active":false,"_monsterinsights_sitenote_note":"","_monsterinsights_sitenote_category":0,"footnotes":""},"categories":[218],"tags":[],"class_list":["post-16894","post","type-post","status-publish","format-standard","has-post-thumbnail","hentry","category-noticias-generales-pt"],"lang":"pt","translations":{"pt":16894,"es":16891},"pll_sync_post":[],"post_mailing_queue_ids":[],"_links":{"self":[{"href":"https:\/\/www.ibermusicas.org\/index.php\/wp-json\/wp\/v2\/posts\/16894","targetHints":{"allow":["GET"]}}],"collection":[{"href":"https:\/\/www.ibermusicas.org\/index.php\/wp-json\/wp\/v2\/posts"}],"about":[{"href":"https:\/\/www.ibermusicas.org\/index.php\/wp-json\/wp\/v2\/types\/post"}],"author":[{"embeddable":true,"href":"https:\/\/www.ibermusicas.org\/index.php\/wp-json\/wp\/v2\/users\/7"}],"replies":[{"embeddable":true,"href":"https:\/\/www.ibermusicas.org\/index.php\/wp-json\/wp\/v2\/comments?post=16894"}],"version-history":[{"count":0,"href":"https:\/\/www.ibermusicas.org\/index.php\/wp-json\/wp\/v2\/posts\/16894\/revisions"}],"wp:featuredmedia":[{"embeddable":true,"href":"https:\/\/www.ibermusicas.org\/index.php\/wp-json\/wp\/v2\/media\/16892"}],"wp:attachment":[{"href":"https:\/\/www.ibermusicas.org\/index.php\/wp-json\/wp\/v2\/media?parent=16894"}],"wp:term":[{"taxonomy":"category","embeddable":true,"href":"https:\/\/www.ibermusicas.org\/index.php\/wp-json\/wp\/v2\/categories?post=16894"},{"taxonomy":"post_tag","embeddable":true,"href":"https:\/\/www.ibermusicas.org\/index.php\/wp-json\/wp\/v2\/tags?post=16894"}],"curies":[{"name":"wp","href":"https:\/\/api.w.org\/{rel}","templated":true}]}}