{"id":16904,"date":"2023-09-29T16:44:02","date_gmt":"2023-09-29T16:44:02","guid":{"rendered":"https:\/\/www.ibermusicas.org\/?p=16904"},"modified":"2023-10-30T14:40:04","modified_gmt":"2023-10-30T14:40:04","slug":"o-acordeonista-alejandro-brittes-continua-a-sua-digressao-alargada-para-levar-o-chamame-aos-estados-unidos","status":"publish","type":"post","link":"https:\/\/www.ibermusicas.org\/index.php\/o-acordeonista-alejandro-brittes-continua-a-sua-digressao-alargada-para-levar-o-chamame-aos-estados-unidos\/","title":{"rendered":"O acordeonista Alejandro Brittes continua a sua digress\u00e3o alargada para levar o Chamam\u00e9 aos Estados Unidos"},"content":{"rendered":"<p>O acordeonista argentino, compositor e pesquisador do Chamam\u00e9, Alejandro Brittes, far\u00e1 uma turn\u00ea pelos Estados Unidos com mais de 20 shows.<\/p>\n<p>&nbsp;<\/p>\n<p>Considerado um dos embaixadores do Chamam\u00e9, Brittes em formato de quarteto, com os brasileiros Andr\u00e9 Ely no viol\u00e3o de sete cordas, Carlos de C\u00e9saro no contrabaixo e Charlise Bandeira na flauta e percuss\u00e3o, levar\u00e1 um repert\u00f3rio autoral de Chamam\u00e9 para a Costa Leste dos Estados Unidos.<\/p>\n<p>&nbsp;<\/p>\n<p>Al\u00e9m dos concertos, a turn\u00ea inclui atividades acad\u00eamicas com universidades renomadas do pa\u00eds, como Georgetown e George Mason, onde Brittes falar\u00e1 sobre seu livro: A Origem do Chamam\u00e9 &#8211; Uma hist\u00f3ria para ser contada, publica\u00e7\u00e3o que divide com a produtora e historiadora Magali de Rossi.<\/p>\n<p>&nbsp;<\/p>\n<p>Para a digress\u00e3o nos EUA em 2023, o Alejandro Brittes Quartet \u00e9 apoiado pelo Iber Exchange, um programa da Mid Atlantic Arts com o apoio do National Endowment for the Arts em colabora\u00e7\u00e3o com Iberm\u00fasicas, produzido pela Ocho Bajos Music, sob a dire\u00e7\u00e3o de Jos\u00e9 Curbelo, Home Team Mgmt e Magali de Rossi Produ\u00e7\u00f5es.<\/p>\n<p>&nbsp;<\/p>\n<p>Alejandro Brittes \u00e9 acordeonista, compositor, investigador e int\u00e9rprete de Chamam\u00e9 com nove \u00e1lbuns gravados e dois livros publicados. Dedica-se \u00e0 divulga\u00e7\u00e3o do Chamam\u00e9 h\u00e1 mais de 30 anos, apresentando-se em mais de dez pa\u00edses como Brasil, Uruguai, Paraguai, Col\u00f4mbia, Portugal, Espanha, Fran\u00e7a, It\u00e1lia, \u00c1ustria, Alemanha e Rep\u00fablica Checa. Ganhou o pr\u00e9mio de melhor instrumentista no Festival de Cosqu\u00edn em 1996 com m\u00fasica pr\u00f3pria. Vencedor do Pr\u00e9mio A\u00e7orianos De M\u00fasica 2022 (Brasil), \u00e1lbum (L)ESTE &#8211; Categoria Melhor Arranjo.<\/p>\n<p>&nbsp;<\/p>\n<p>&nbsp;<\/p>\n<ul>\n<li>01 de outubro de 2023 &#8211; Westport, CT<\/li>\n<li>02 e 03 de outubro de 2023 &#8211; Hamilton, NY<\/li>\n<li>04 de outubro de 2023 &#8211; Weehawken, NJ<\/li>\n<li>5 de outubro de 2023 &#8211; Queens, NY<\/li>\n<li>06 de outubro de 2023 &#8211; Putney, VT<\/li>\n<li>07 de outubro de 2023 &#8211; Medfield, MA<\/li>\n<li>10 de outubro de 2023, Central Connecticut State University, New Britain, CT<\/li>\n<li>12 de outubro de 2023 &#8211; Lancaster, PA<\/li>\n<\/ul>\n<p><a href=\"http:\/\/www.alejandrobrittes.com\">www.alejandrobrittes.com<\/a><\/p>\n","protected":false},"excerpt":{"rendered":"<p>O acordeonista argentino, compositor e pesquisador do Chamam\u00e9, Alejandro Brittes, far\u00e1 uma turn\u00ea pelos Estados Unidos com mais de 20 shows. &nbsp; Considerado um dos embaixadores do Chamam\u00e9, Brittes em formato de quarteto, com os brasileiros Andr\u00e9 Ely no viol\u00e3o de sete cordas, Carlos de C\u00e9saro no contrabaixo e Charlise Bandeira na flauta e percuss\u00e3o, [&hellip;]<\/p>\n","protected":false},"author":7,"featured_media":16902,"comment_status":"closed","ping_status":"closed","sticky":false,"template":"","format":"standard","meta":{"_monsterinsights_skip_tracking":false,"_monsterinsights_sitenote_active":false,"_monsterinsights_sitenote_note":"","_monsterinsights_sitenote_category":0,"footnotes":""},"categories":[218],"tags":[],"class_list":["post-16904","post","type-post","status-publish","format-standard","has-post-thumbnail","hentry","category-noticias-generales-pt"],"lang":"pt","translations":{"pt":16904,"es":16901},"pll_sync_post":[],"post_mailing_queue_ids":[],"_links":{"self":[{"href":"https:\/\/www.ibermusicas.org\/index.php\/wp-json\/wp\/v2\/posts\/16904","targetHints":{"allow":["GET"]}}],"collection":[{"href":"https:\/\/www.ibermusicas.org\/index.php\/wp-json\/wp\/v2\/posts"}],"about":[{"href":"https:\/\/www.ibermusicas.org\/index.php\/wp-json\/wp\/v2\/types\/post"}],"author":[{"embeddable":true,"href":"https:\/\/www.ibermusicas.org\/index.php\/wp-json\/wp\/v2\/users\/7"}],"replies":[{"embeddable":true,"href":"https:\/\/www.ibermusicas.org\/index.php\/wp-json\/wp\/v2\/comments?post=16904"}],"version-history":[{"count":0,"href":"https:\/\/www.ibermusicas.org\/index.php\/wp-json\/wp\/v2\/posts\/16904\/revisions"}],"wp:featuredmedia":[{"embeddable":true,"href":"https:\/\/www.ibermusicas.org\/index.php\/wp-json\/wp\/v2\/media\/16902"}],"wp:attachment":[{"href":"https:\/\/www.ibermusicas.org\/index.php\/wp-json\/wp\/v2\/media?parent=16904"}],"wp:term":[{"taxonomy":"category","embeddable":true,"href":"https:\/\/www.ibermusicas.org\/index.php\/wp-json\/wp\/v2\/categories?post=16904"},{"taxonomy":"post_tag","embeddable":true,"href":"https:\/\/www.ibermusicas.org\/index.php\/wp-json\/wp\/v2\/tags?post=16904"}],"curies":[{"name":"wp","href":"https:\/\/api.w.org\/{rel}","templated":true}]}}