{"id":16913,"date":"2023-09-29T16:58:40","date_gmt":"2023-09-29T16:58:40","guid":{"rendered":"https:\/\/www.ibermusicas.org\/?p=16913"},"modified":"2023-10-30T14:06:32","modified_gmt":"2023-10-30T14:06:32","slug":"la-agrupacion-argentina-violentango-realizara-una-gira-por-diversas-ciudades-de-europa","status":"publish","type":"post","link":"https:\/\/www.ibermusicas.org\/index.php\/la-agrupacion-argentina-violentango-realizara-una-gira-por-diversas-ciudades-de-europa\/","title":{"rendered":"La agrupaci\u00f3n argentina Violentango realizar\u00e1 una gira por diversas ciudades de Europa"},"content":{"rendered":"<p>Violentango, el cuarteto de tango el\u00e9ctrico vuelve a Barcelona para presentar su nuevo trabajo, previo a la grabaci\u00f3n de su nuevo \u00e1lbum. \u00abSalvando el milagro Tour\u00bb un show que no reconoce indiferencia. Embajadores de la Marca Pa\u00eds Argentina desde el a\u00f1o 2012. Participaron en destacados festivales como: Glastonbury, Canarias Jazz Heineken, Vive Latino MX, Jazz Al Parque, Virada Cultural, por nombrar algunos.<\/p>\n<p>Violentango es una banda de tango instrumental contempor\u00e1neo fundada por Adri\u00e1n Ruggiero, Camilo C\u00f3rdoba, Juan Manuel L\u00f3pez, Santiago C\u00f3rdoba y Ricardo Jusid en diciembre de 2004 en Buenos Aires, Argentina. Compuesto por dos guitarras cl\u00e1sicas, bandone\u00f3n, percusi\u00f3n y bajo el\u00e9ctrico, La banda reinvent\u00f3 las formas cl\u00e1sicas del tango aproxim\u00e1ndose a otros estilos musicales y nuevas generaciones tanto en Europa como en Am\u00e9rica Latina. Es la primera banda de tango moderno en participar del Glastonbury Festival (UK) en dos ocasiones (2010\/2011), uno de los festivales m\u00e1s importantes del mundo.<\/p>\n<p>La m\u00fasica de Violentango est\u00e1 compuesta por selectos elementos de diferentes estilos musicales, muestra melod\u00edas vertiginosas y claras, armon\u00edas mezcladas con paisajes del jazz y una secci\u00f3n r\u00edtmica que combina elementos de la m\u00fasica electr\u00f3nica con ritmos cl\u00e1sicos del tango. La innovaci\u00f3n estil\u00edstica que resulta de esta mixtura de lenguajes lleva a Violentango a instalarse como una de las propuestas m\u00e1s aclamadas dentro de la corriente del nuevo tango y a participar de importantes festivales internacionales de tango, folklore, rock, jazz y world music.<\/p>\n<p>La gira europea de Violentango se realiza con el apoyo del Programa Iberm\u00fasicas mediante sus Ayudas al Sector Musical para la Circulaci\u00f3n.<\/p>\n<p>\u25cf 03 de octubre, 21 h: Sala Metamorfosis, Carrer de Tapioles 12.<br \/>\n\u25cf 04 de octubre: Malm\u00f6 SE &#8211; Victoria Teatern<br \/>\n\u25cf 08 de octubre: Stockholm SE &#8211; Kulturhuset<br \/>\n\u25cf 10 de octubre: Freiburg DE &#8211; Babeuf<br \/>\n\u25cf 13 de octubre: Freiburg DE &#8211; Schreinerei Wittich<br \/>\n\u25cf 14 de octubre: Aarau CH -Daniken, Takatuka<br \/>\n\u25cf 15 de octubre: Rorbas CH &#8211; Cafe Rorboz<\/p>\n<p>https:\/\/linktr.ee\/violentango<\/p>\n","protected":false},"excerpt":{"rendered":"<p>Violentango, el cuarteto de tango el\u00e9ctrico vuelve a Barcelona para presentar su nuevo trabajo, previo a la grabaci\u00f3n de su nuevo \u00e1lbum. \u00abSalvando el milagro Tour\u00bb un show que no reconoce indiferencia. Embajadores de la Marca Pa\u00eds Argentina desde el a\u00f1o 2012. Participaron en destacados festivales como: Glastonbury, Canarias Jazz Heineken, Vive Latino MX, Jazz [&hellip;]<\/p>\n","protected":false},"author":7,"featured_media":16914,"comment_status":"closed","ping_status":"closed","sticky":false,"template":"","format":"standard","meta":{"_monsterinsights_skip_tracking":false,"_monsterinsights_sitenote_active":false,"_monsterinsights_sitenote_note":"","_monsterinsights_sitenote_category":0,"footnotes":""},"categories":[53],"tags":[],"class_list":["post-16913","post","type-post","status-publish","format-standard","has-post-thumbnail","hentry","category-noticias-generales"],"lang":"es","translations":{"es":16913,"pt":16916},"pll_sync_post":[],"post_mailing_queue_ids":[],"_links":{"self":[{"href":"https:\/\/www.ibermusicas.org\/index.php\/wp-json\/wp\/v2\/posts\/16913","targetHints":{"allow":["GET"]}}],"collection":[{"href":"https:\/\/www.ibermusicas.org\/index.php\/wp-json\/wp\/v2\/posts"}],"about":[{"href":"https:\/\/www.ibermusicas.org\/index.php\/wp-json\/wp\/v2\/types\/post"}],"author":[{"embeddable":true,"href":"https:\/\/www.ibermusicas.org\/index.php\/wp-json\/wp\/v2\/users\/7"}],"replies":[{"embeddable":true,"href":"https:\/\/www.ibermusicas.org\/index.php\/wp-json\/wp\/v2\/comments?post=16913"}],"version-history":[{"count":0,"href":"https:\/\/www.ibermusicas.org\/index.php\/wp-json\/wp\/v2\/posts\/16913\/revisions"}],"wp:featuredmedia":[{"embeddable":true,"href":"https:\/\/www.ibermusicas.org\/index.php\/wp-json\/wp\/v2\/media\/16914"}],"wp:attachment":[{"href":"https:\/\/www.ibermusicas.org\/index.php\/wp-json\/wp\/v2\/media?parent=16913"}],"wp:term":[{"taxonomy":"category","embeddable":true,"href":"https:\/\/www.ibermusicas.org\/index.php\/wp-json\/wp\/v2\/categories?post=16913"},{"taxonomy":"post_tag","embeddable":true,"href":"https:\/\/www.ibermusicas.org\/index.php\/wp-json\/wp\/v2\/tags?post=16913"}],"curies":[{"name":"wp","href":"https:\/\/api.w.org\/{rel}","templated":true}]}}