{"id":16965,"date":"2023-09-29T18:35:50","date_gmt":"2023-09-29T18:35:50","guid":{"rendered":"https:\/\/www.ibermusicas.org\/?p=16965"},"modified":"2023-10-30T14:05:33","modified_gmt":"2023-10-30T14:05:33","slug":"en-la-ciudad-de-la-plata-argentina-tendra-lugar-un-nuevo-encuentro-de-la-asociacion-coral-america-cantat-con-la-programacion-de-tres-obras-premiadas-por-ibermusicas-una-de-ellas-en-estreno-mundial","status":"publish","type":"post","link":"https:\/\/www.ibermusicas.org\/index.php\/en-la-ciudad-de-la-plata-argentina-tendra-lugar-un-nuevo-encuentro-de-la-asociacion-coral-america-cantat-con-la-programacion-de-tres-obras-premiadas-por-ibermusicas-una-de-ellas-en-estreno-mundial\/","title":{"rendered":"En la Ciudad de La Plata, Argentina, tendr\u00e1 lugar un nuevo encuentro de la Asociaci\u00f3n Coral America Cantat con la programaci\u00f3n de tres obras premiadas por Iberm\u00fasicas, una de ellas, en estreno mundial"},"content":{"rendered":"<p>La America Cantat es una genuina experiencia educativa y social que a trav\u00e9s de la educaci\u00f3n musical, el enfoque art\u00edstico profesional, la interacci\u00f3n social multicultural y la convivencia, re\u00fane a participantes de todo Am\u00e9rica y el mundo para participar en proyectos del m\u00e1s alto nivel art\u00edstico.<\/p>\n<p>&nbsp;<\/p>\n<p>Realizado cada tres a\u00f1os en distintos pa\u00edses de Am\u00e9rica, desde 1992 quienes participan desarrollan actividades musicales interactuando con directores de renombre internacional que interpretan m\u00fasica coral de diversos estilos, \u00e9pocas y g\u00e9neros de cada continente. Quienes asisten al festival participan en Talleres de Preparaci\u00f3n de repertorio en los que formar\u00e1n los coros que trabajar\u00e1n y ejecutar\u00e1n las obras con la conducci\u00f3n de prestigiosos directores o en Talleres de Estudio para asistir a Clases Magistrales de Direcci\u00f3n Coral o de T\u00e9cnicas para Coros Escolares, tambi\u00e9n bajo la responsabilidad de afamados especialistas internacionales convocados especialmente por las entidades organizadoras del festival.<\/p>\n<p>&nbsp;<\/p>\n<p>En 1950 dos directores Godfried Welters y Gerard Geofrey, que hab\u00edan peleado durante la guerra en bandos encontrados, Alemania y Francia, se juntaron proponi\u00e9ndose como objetivo que los j\u00f3venes no quisieran volver a enfrentarse nunca m\u00e1s en una guerra. Elaboraron un proyecto en el que los coros no cantaran unos para otros, sino que se entrelazaran entre s\u00ed dirigidos por un maestro diferente al de ellos y que pudieran pasar una semana conviviendo y compartiendo la comida, el entretenimiento, el aprendizaje, cantando y consolidando una amistad que superara cualquier conflicto para no llegar a participar de una guerra nunca m\u00e1s. Con ese esp\u00edritu fue creado el Europa Cantat y es la esencia que abraz\u00f3 en su creaci\u00f3n la Am\u00e9rica Cantat.<\/p>\n<p>&nbsp;<\/p>\n<p>Socialmente, y m\u00e1s all\u00e1 de las diferencias pol\u00edticas o culturales, podr\u00e1n compartir intensamente parte de su vida trabajando, jugando, conversando y debatiendo. Una vida comunitaria que crea un esp\u00edritu genuino de comprensi\u00f3n, amistades perdurables y un grupo apasionado y unido con un v\u00ednculo \u00fanico, capaz de generar el di\u00e1logo intercultural a trav\u00e9s del canto coral.<\/p>\n<p>&nbsp;<\/p>\n<p>Entre las diversas actividades programadas est\u00e1 la interpretaci\u00f3n de las tres obras que han sido premiadas en los concursos de Creaci\u00f3n de Obra Coral de Iberm\u00fasicas de las cuales \u201cCinis\u201d, del compositor Luciano Giambastani ser\u00e1 programada en estreno mundial.<\/p>\n<p>&nbsp;<\/p>\n<p>&nbsp;<\/p>\n<ul>\n<li>Jueves 12 de octubre, 20h: Cantos del Netzahualcoyotl de Gabriel Gutierrez Arellano (M\u00e9xico), Premio Iberm\u00fasicas 2014, Coro de C\u00e1mara Zair, Dir. Diego Boero en Parroquia San Jos\u00e9, calle 64 esq. 6, La Plata, Buenos Aires, Argentina<\/li>\n<li>Viernes 13 de octubre, 20h: Cinis de Luciano Giambastiani (Argentina), Premio Iberm\u00fasicas 2017, Estreno mundial. Coro Bas\u00edlica del Sagrado Coraz\u00f3n, Diagonal 73, esq. 9 y 58, La Plata.<\/li>\n<li>S\u00e1bado 14 de octubre, 20h: Martianas de Beatriz Corona (Cuba), Premio Iberm\u00fasicas 2020, Coro de C\u00e1mara de Mor\u00f3n, Dir. Guillermo Tesone en Sala Astor Piazzolla, Teatro Argentino, calle 51 entre 9 y 10, La Plata.<\/li>\n<\/ul>\n","protected":false},"excerpt":{"rendered":"<p>La America Cantat es una genuina experiencia educativa y social que a trav\u00e9s de la educaci\u00f3n musical, el enfoque art\u00edstico profesional, la interacci\u00f3n social multicultural y la convivencia, re\u00fane a participantes de todo Am\u00e9rica y el mundo para participar en proyectos del m\u00e1s alto nivel art\u00edstico. &nbsp; Realizado cada tres a\u00f1os en distintos pa\u00edses de [&hellip;]<\/p>\n","protected":false},"author":7,"featured_media":16966,"comment_status":"closed","ping_status":"closed","sticky":false,"template":"","format":"standard","meta":{"_monsterinsights_skip_tracking":false,"_monsterinsights_sitenote_active":false,"_monsterinsights_sitenote_note":"","_monsterinsights_sitenote_category":0,"footnotes":""},"categories":[53],"tags":[],"class_list":["post-16965","post","type-post","status-publish","format-standard","has-post-thumbnail","hentry","category-noticias-generales"],"lang":"es","translations":{"es":16965,"pt":16968},"pll_sync_post":[],"post_mailing_queue_ids":[],"_links":{"self":[{"href":"https:\/\/www.ibermusicas.org\/index.php\/wp-json\/wp\/v2\/posts\/16965","targetHints":{"allow":["GET"]}}],"collection":[{"href":"https:\/\/www.ibermusicas.org\/index.php\/wp-json\/wp\/v2\/posts"}],"about":[{"href":"https:\/\/www.ibermusicas.org\/index.php\/wp-json\/wp\/v2\/types\/post"}],"author":[{"embeddable":true,"href":"https:\/\/www.ibermusicas.org\/index.php\/wp-json\/wp\/v2\/users\/7"}],"replies":[{"embeddable":true,"href":"https:\/\/www.ibermusicas.org\/index.php\/wp-json\/wp\/v2\/comments?post=16965"}],"version-history":[{"count":0,"href":"https:\/\/www.ibermusicas.org\/index.php\/wp-json\/wp\/v2\/posts\/16965\/revisions"}],"wp:featuredmedia":[{"embeddable":true,"href":"https:\/\/www.ibermusicas.org\/index.php\/wp-json\/wp\/v2\/media\/16966"}],"wp:attachment":[{"href":"https:\/\/www.ibermusicas.org\/index.php\/wp-json\/wp\/v2\/media?parent=16965"}],"wp:term":[{"taxonomy":"category","embeddable":true,"href":"https:\/\/www.ibermusicas.org\/index.php\/wp-json\/wp\/v2\/categories?post=16965"},{"taxonomy":"post_tag","embeddable":true,"href":"https:\/\/www.ibermusicas.org\/index.php\/wp-json\/wp\/v2\/tags?post=16965"}],"curies":[{"name":"wp","href":"https:\/\/api.w.org\/{rel}","templated":true}]}}