{"id":16968,"date":"2023-09-29T18:37:20","date_gmt":"2023-09-29T18:37:20","guid":{"rendered":"https:\/\/www.ibermusicas.org\/?p=16968"},"modified":"2023-10-30T14:37:32","modified_gmt":"2023-10-30T14:37:32","slug":"na-cidade-de-la-plata-argentina-tera-lugar-um-novo-encontro-da-associacao-coral-america-cantat-com-a-programacao-de-tres-obras-premiadas-pelo-programa-ibermusicas-uma-delas-em-estreia-mundial","status":"publish","type":"post","link":"https:\/\/www.ibermusicas.org\/index.php\/na-cidade-de-la-plata-argentina-tera-lugar-um-novo-encontro-da-associacao-coral-america-cantat-com-a-programacao-de-tres-obras-premiadas-pelo-programa-ibermusicas-uma-delas-em-estreia-mundial\/","title":{"rendered":"Na cidade de La Plata, Argentina, ter\u00e1 lugar um novo encontro da Associa\u00e7\u00e3o Coral Am\u00e9rica Cantat com a programa\u00e7\u00e3o de tr\u00eas obras premiadas pelo Programa Iberm\u00fasicas, uma delas em estreia mundial"},"content":{"rendered":"<p>Am\u00e9rica Cantat \u00e9 uma aut\u00eantica experi\u00eancia educativa e social que, atrav\u00e9s da forma\u00e7\u00e3o musical, da abordagem art\u00edstica profissional, da intera\u00e7\u00e3o e conviv\u00eancia social multicultural, re\u00fane participantes de toda a Am\u00e9rica e do mundo para participar em projectos do mais alto n\u00edvel art\u00edstico.<\/p>\n<p>&nbsp;<\/p>\n<p>Realizado a cada tr\u00eas anos em diferentes pa\u00edses das Am\u00e9ricas, desde 1992 os participantes desenvolvem atividades musicais interagindo com maestros de renome internacional que interpretam m\u00fasicas corais de diversos estilos, \u00e9pocas e g\u00eaneros de cada continente. Os participantes do festival participam de oficinas de prepara\u00e7\u00e3o de repert\u00f3rio, nas quais formar\u00e3o os coros que trabalhar\u00e3o e executar\u00e3o as obras sob a reg\u00eancia de prestigiados maestros, ou de oficinas de estudo para assistir a Master Classes de Reg\u00eancia Coral ou T\u00e9cnicas para Coros Escolares, tamb\u00e9m sob a responsabilidade de renomados especialistas internacionais especialmente convidados pelas entidades organizadoras do festival.<\/p>\n<p>&nbsp;<\/p>\n<p>Em 1950, dois maestros, Godfried Welters e Gerard Geofrey, que tinham combatido durante a guerra em lados opostos na Alemanha e em Fran\u00e7a, juntaram-se com o objetivo de garantir que os jovens nunca mais quisessem combater numa guerra. Conceberam um projeto em que os coros n\u00e3o cantavam uns para os outros, mas se entrela\u00e7avam sob a dire\u00e7\u00e3o de um professor diferente do seu, e em que podiam passar uma semana juntos, partilhando comida, entretenimento, aprendendo, cantando e consolidando uma amizade que ultrapassaria qualquer conflito, para que nunca mais voltassem a participar numa guerra. Foi com este esp\u00edrito que o Europa Cantat foi criado e \u00e9 a ess\u00eancia que o America Cantat abra\u00e7ou na sua cria\u00e7\u00e3o.<\/p>\n<p>&nbsp;<\/p>\n<p>Socialmente, e para al\u00e9m das diferen\u00e7as pol\u00edticas ou culturais, poder\u00e3o partilhar intensamente parte da sua vida trabalhando, tocando, conversando e debatendo. Uma vida comunit\u00e1ria que cria um verdadeiro esp\u00edrito de compreens\u00e3o, amizades duradouras e um grupo apaixonado e unido com um v\u00ednculo \u00fanico, capaz de gerar di\u00e1logo intercultural atrav\u00e9s do canto coral.<\/p>\n<p>&nbsp;<\/p>\n<p>Entre as v\u00e1rias actividades programadas est\u00e1 a apresenta\u00e7\u00e3o das tr\u00eas obras premiadas nos concursos Iberm\u00fasicas de Cria\u00e7\u00e3o de Obras Corais, das quais \u00abCinis\u00bb, do compositor Luciano Giambastani, ter\u00e1 a sua estreia mundial.<\/p>\n<p>&nbsp;<\/p>\n<ul>\n<li>Quinta-feira, 12 de outubro, 20h: Cantos del Netzahualcoyotl de Gabriel Gutierrez Arellano (M\u00e9xico), Pr\u00e9mio Iberm\u00fasicas 2014, Coro de C\u00e1mara Zair, Dir. Diego Boero na Parroquia San Jos\u00e9, calle 64 esq. 6, La Plata, Buenos Aires, Argentina<\/li>\n<li>Sexta-feira, 13 de outubro, 20h: Cinis de Luciano Giambastiani (Argentina), Pr\u00e9mio Iberm\u00fasicas 2017, Estreia mundial. Coro Bas\u00edlica del Sagrado Coraz\u00f3n, Diagonal 73, esq. 9 y 58, La Plata.<\/li>\n<\/ul>\n<p>S\u00e1bado, 14 de outubro, 20h: Martianas de Beatriz Corona (Cuba), Pr\u00e9mio Iberm\u00fasicas 2020, Coro de C\u00e1mara de Mor\u00f3n, Dir. Guillermo Tesone na Sala Astor Piazzolla, Teatro Argentino, calle 51 entre 9 y 10, La Plata.<\/p>\n","protected":false},"excerpt":{"rendered":"<p>Am\u00e9rica Cantat \u00e9 uma aut\u00eantica experi\u00eancia educativa e social que, atrav\u00e9s da forma\u00e7\u00e3o musical, da abordagem art\u00edstica profissional, da intera\u00e7\u00e3o e conviv\u00eancia social multicultural, re\u00fane participantes de toda a Am\u00e9rica e do mundo para participar em projectos do mais alto n\u00edvel art\u00edstico. &nbsp; Realizado a cada tr\u00eas anos em diferentes pa\u00edses das Am\u00e9ricas, desde 1992 [&hellip;]<\/p>\n","protected":false},"author":7,"featured_media":16966,"comment_status":"closed","ping_status":"closed","sticky":false,"template":"","format":"standard","meta":{"_monsterinsights_skip_tracking":false,"_monsterinsights_sitenote_active":false,"_monsterinsights_sitenote_note":"","_monsterinsights_sitenote_category":0,"footnotes":""},"categories":[218],"tags":[],"class_list":["post-16968","post","type-post","status-publish","format-standard","has-post-thumbnail","hentry","category-noticias-generales-pt"],"lang":"pt","translations":{"pt":16968,"es":16965},"pll_sync_post":[],"post_mailing_queue_ids":[],"_links":{"self":[{"href":"https:\/\/www.ibermusicas.org\/index.php\/wp-json\/wp\/v2\/posts\/16968","targetHints":{"allow":["GET"]}}],"collection":[{"href":"https:\/\/www.ibermusicas.org\/index.php\/wp-json\/wp\/v2\/posts"}],"about":[{"href":"https:\/\/www.ibermusicas.org\/index.php\/wp-json\/wp\/v2\/types\/post"}],"author":[{"embeddable":true,"href":"https:\/\/www.ibermusicas.org\/index.php\/wp-json\/wp\/v2\/users\/7"}],"replies":[{"embeddable":true,"href":"https:\/\/www.ibermusicas.org\/index.php\/wp-json\/wp\/v2\/comments?post=16968"}],"version-history":[{"count":0,"href":"https:\/\/www.ibermusicas.org\/index.php\/wp-json\/wp\/v2\/posts\/16968\/revisions"}],"wp:featuredmedia":[{"embeddable":true,"href":"https:\/\/www.ibermusicas.org\/index.php\/wp-json\/wp\/v2\/media\/16966"}],"wp:attachment":[{"href":"https:\/\/www.ibermusicas.org\/index.php\/wp-json\/wp\/v2\/media?parent=16968"}],"wp:term":[{"taxonomy":"category","embeddable":true,"href":"https:\/\/www.ibermusicas.org\/index.php\/wp-json\/wp\/v2\/categories?post=16968"},{"taxonomy":"post_tag","embeddable":true,"href":"https:\/\/www.ibermusicas.org\/index.php\/wp-json\/wp\/v2\/tags?post=16968"}],"curies":[{"name":"wp","href":"https:\/\/api.w.org\/{rel}","templated":true}]}}