{"id":17230,"date":"2023-10-30T21:02:51","date_gmt":"2023-10-30T21:02:51","guid":{"rendered":"https:\/\/www.ibermusicas.org\/?p=17230"},"modified":"2023-11-16T12:54:55","modified_gmt":"2023-11-16T12:54:55","slug":"con-la-participacion-de-invitados-internacionales-llega-a-lima-peru-una-nueva-edicion-del-vmfpro","status":"publish","type":"post","link":"https:\/\/www.ibermusicas.org\/index.php\/con-la-participacion-de-invitados-internacionales-llega-a-lima-peru-una-nueva-edicion-del-vmfpro\/","title":{"rendered":"Con la participaci\u00f3n de invitados internacionales, llega a Lima, Per\u00fa, una nueva edici\u00f3n del VMFPro"},"content":{"rendered":"<p>VMFPro es un encuentro internacional de la Industria Musical que se lleva a cabo dentro del marco del Veltrac Music Festival. En \u00e9sta, su 2da edici\u00f3n, busca fomentar espacios de reflexi\u00f3n sobre la importancia de crear redes y de la asociatividad, as\u00ed como de plantear conversaciones sobre lo relevante de las herramientas digitales hoy en d\u00eda y sobre los agentes que son parte del futuro del sector.<\/p>\n<p>&nbsp;<\/p>\n<p>Entre quienes participan, tendremos a Noem\u00ed Planas (WIN), Mark Meyer (Planea M\u00fasica), Francisca Sandoval (IMICHILE), Tweety Gonz\u00e1lez (Twittin Records \/ ASIAr), Fernando Dotta (Balaclava), s\u00f3lo para mencionar a algunos.<\/p>\n<p>&nbsp;<\/p>\n<p>&nbsp;<\/p>\n<p>12 al 14 de noviembre, 9h a 18h, Lima, Per\u00fa<\/p>\n","protected":false},"excerpt":{"rendered":"<p>VMFPro es un encuentro internacional de la Industria Musical que se lleva a cabo dentro del marco del Veltrac Music Festival. En \u00e9sta, su 2da edici\u00f3n, busca fomentar espacios de reflexi\u00f3n sobre la importancia de crear redes y de la asociatividad, as\u00ed como de plantear conversaciones sobre lo relevante de las herramientas digitales hoy en [&hellip;]<\/p>\n","protected":false},"author":7,"featured_media":17232,"comment_status":"closed","ping_status":"closed","sticky":false,"template":"","format":"standard","meta":{"_monsterinsights_skip_tracking":false,"_monsterinsights_sitenote_active":false,"_monsterinsights_sitenote_note":"","_monsterinsights_sitenote_category":0,"footnotes":""},"categories":[53],"tags":[],"class_list":["post-17230","post","type-post","status-publish","format-standard","has-post-thumbnail","hentry","category-noticias-generales"],"lang":"es","translations":{"es":17230,"pt":17234},"pll_sync_post":[],"post_mailing_queue_ids":[],"_links":{"self":[{"href":"https:\/\/www.ibermusicas.org\/index.php\/wp-json\/wp\/v2\/posts\/17230","targetHints":{"allow":["GET"]}}],"collection":[{"href":"https:\/\/www.ibermusicas.org\/index.php\/wp-json\/wp\/v2\/posts"}],"about":[{"href":"https:\/\/www.ibermusicas.org\/index.php\/wp-json\/wp\/v2\/types\/post"}],"author":[{"embeddable":true,"href":"https:\/\/www.ibermusicas.org\/index.php\/wp-json\/wp\/v2\/users\/7"}],"replies":[{"embeddable":true,"href":"https:\/\/www.ibermusicas.org\/index.php\/wp-json\/wp\/v2\/comments?post=17230"}],"version-history":[{"count":0,"href":"https:\/\/www.ibermusicas.org\/index.php\/wp-json\/wp\/v2\/posts\/17230\/revisions"}],"wp:featuredmedia":[{"embeddable":true,"href":"https:\/\/www.ibermusicas.org\/index.php\/wp-json\/wp\/v2\/media\/17232"}],"wp:attachment":[{"href":"https:\/\/www.ibermusicas.org\/index.php\/wp-json\/wp\/v2\/media?parent=17230"}],"wp:term":[{"taxonomy":"category","embeddable":true,"href":"https:\/\/www.ibermusicas.org\/index.php\/wp-json\/wp\/v2\/categories?post=17230"},{"taxonomy":"post_tag","embeddable":true,"href":"https:\/\/www.ibermusicas.org\/index.php\/wp-json\/wp\/v2\/tags?post=17230"}],"curies":[{"name":"wp","href":"https:\/\/api.w.org\/{rel}","templated":true}]}}