{"id":17251,"date":"2023-10-30T21:29:41","date_gmt":"2023-10-30T21:29:41","guid":{"rendered":"https:\/\/www.ibermusicas.org\/?p=17251"},"modified":"2023-11-16T12:54:31","modified_gmt":"2023-11-16T12:54:31","slug":"identidades-sonoras-las-playlists-de-ibermusicas-12","status":"publish","type":"post","link":"https:\/\/www.ibermusicas.org\/index.php\/identidades-sonoras-las-playlists-de-ibermusicas-12\/","title":{"rendered":"Identidades Sonoras, las playlists de Iberm\u00fasicas"},"content":{"rendered":"<p><strong>Hoy recomendamos las playlists creadas por Camila Valeria Zajdman de Argentina y por Luis Daniel Vega de Colombia<\/strong><\/p>\n<p>&nbsp;<\/p>\n<p>&nbsp;<\/p>\n<p><em>Se cree que la cepa es la mezcla. Sin embargo, es el tronco unido a la ra\u00edz. El inicio del todo que da paso al tiempo de qui\u00e9nes fuimos, qui\u00e9nes somos y hacia d\u00f3nde vamos. \u00bfC\u00f3mo suena un pa\u00eds? Bienvenido a este recorrido por la bendita tierra argentina. En nuestra m\u00fasica est\u00e1n las cosas que nos hacen sonar.<\/em> <strong>Camila Valeria Zajdman &#8211; Argentina<\/strong><\/p>\n<p>&nbsp;<\/p>\n<p><a href=\"https:\/\/open.spotify.com\/playlist\/1gcJw04bh5iQq9xTV9uJtE?si=6251b4d58f824c2d\">https:\/\/open.spotify.com\/playlist\/1gcJw04bh5iQq9xTV9uJtE?si=6251b4d58f824c2d<\/a><\/p>\n<p>&nbsp;<\/p>\n<p>. . . . . . . . . . . . . . . . . . . . . . . . . .<\/p>\n<p>&nbsp;<\/p>\n<p><em>Retando a la uniformidad, mujeres y hombres de nacionalidad colombiana, han declarado su independencia desde nichos discretos, escapando as\u00ed a la complacencia. Entre lecturas atrevidas del pop, lo tropical y lo andino, destacamos canciones cr\u00edticas y de elevada arquitectura po\u00e9tica.<\/em> <strong>Luis Daniel Vega &#8211; Colombia<\/strong><\/p>\n<p>&nbsp;<\/p>\n<p><a href=\"https:\/\/open.spotify.com\/playlist\/4HC0ugd9HtYcoobvG7Wx13?si=f8bd11d0a507491f\">https:\/\/open.spotify.com\/playlist\/4HC0ugd9HtYcoobvG7Wx13?si=f8bd11d0a507491f<\/a><\/p>\n<p>&nbsp;<\/p>\n<p>. . . . . . . . . . . . . . . . . . . . . . . . . .<\/p>\n<p>&nbsp;<\/p>\n<p>Identidades Sonoras son las playlists de Spotify creadas por m\u00fasicas y m\u00fasicos, productoras y productores, cr\u00edticas y cr\u00edticos, e investigadoras e investigadores de los pa\u00edses que integran nuestro programa a quienes hemos propuesto reflejar, interpretar y construir un recorrido integrador de la tradici\u00f3n y de las nuevas b\u00fasquedas en una lista de 50 obras.<\/p>\n","protected":false},"excerpt":{"rendered":"<p>Hoy recomendamos las playlists creadas por Camila Valeria Zajdman de Argentina y por Luis Daniel Vega de Colombia &nbsp; &nbsp; Se cree que la cepa es la mezcla. Sin embargo, es el tronco unido a la ra\u00edz. El inicio del todo que da paso al tiempo de qui\u00e9nes fuimos, qui\u00e9nes somos y hacia d\u00f3nde vamos. [&hellip;]<\/p>\n","protected":false},"author":7,"featured_media":17252,"comment_status":"closed","ping_status":"closed","sticky":false,"template":"","format":"standard","meta":{"_monsterinsights_skip_tracking":false,"_monsterinsights_sitenote_active":false,"_monsterinsights_sitenote_note":"","_monsterinsights_sitenote_category":0,"footnotes":""},"categories":[53],"tags":[],"class_list":["post-17251","post","type-post","status-publish","format-standard","has-post-thumbnail","hentry","category-noticias-generales"],"lang":"es","translations":{"es":17251},"pll_sync_post":[],"post_mailing_queue_ids":[],"_links":{"self":[{"href":"https:\/\/www.ibermusicas.org\/index.php\/wp-json\/wp\/v2\/posts\/17251","targetHints":{"allow":["GET"]}}],"collection":[{"href":"https:\/\/www.ibermusicas.org\/index.php\/wp-json\/wp\/v2\/posts"}],"about":[{"href":"https:\/\/www.ibermusicas.org\/index.php\/wp-json\/wp\/v2\/types\/post"}],"author":[{"embeddable":true,"href":"https:\/\/www.ibermusicas.org\/index.php\/wp-json\/wp\/v2\/users\/7"}],"replies":[{"embeddable":true,"href":"https:\/\/www.ibermusicas.org\/index.php\/wp-json\/wp\/v2\/comments?post=17251"}],"version-history":[{"count":0,"href":"https:\/\/www.ibermusicas.org\/index.php\/wp-json\/wp\/v2\/posts\/17251\/revisions"}],"wp:featuredmedia":[{"embeddable":true,"href":"https:\/\/www.ibermusicas.org\/index.php\/wp-json\/wp\/v2\/media\/17252"}],"wp:attachment":[{"href":"https:\/\/www.ibermusicas.org\/index.php\/wp-json\/wp\/v2\/media?parent=17251"}],"wp:term":[{"taxonomy":"category","embeddable":true,"href":"https:\/\/www.ibermusicas.org\/index.php\/wp-json\/wp\/v2\/categories?post=17251"},{"taxonomy":"post_tag","embeddable":true,"href":"https:\/\/www.ibermusicas.org\/index.php\/wp-json\/wp\/v2\/tags?post=17251"}],"curies":[{"name":"wp","href":"https:\/\/api.w.org\/{rel}","templated":true}]}}