{"id":17261,"date":"2023-10-31T14:33:30","date_gmt":"2023-10-31T14:33:30","guid":{"rendered":"https:\/\/www.ibermusicas.org\/?p=17261"},"modified":"2023-10-31T14:33:30","modified_gmt":"2023-10-31T14:33:30","slug":"no-ambito-do-festival-circulart-em-medellin-o-pianista-brasileiro-benjamim-taubkin-apresenta-o-seu-trabalho-em-conjunto-com-sonidos-enraizados-da-colombia","status":"publish","type":"post","link":"https:\/\/www.ibermusicas.org\/index.php\/no-ambito-do-festival-circulart-em-medellin-o-pianista-brasileiro-benjamim-taubkin-apresenta-o-seu-trabalho-em-conjunto-com-sonidos-enraizados-da-colombia\/","title":{"rendered":"No \u00e2mbito do Festival Circulart em Medell\u00edn, o pianista brasileiro Benjamim Taubkin apresenta o seu trabalho em conjunto com Sonidos Enraizados da Col\u00f4mbia"},"content":{"rendered":"<p>Neste concerto, Benjamim Taubkin adopta o conceito de \u00abturista aprendiz\u00bb proposto h\u00e1 um s\u00e9culo pelo brasileiro M\u00e1rio de Andrade. Seguindo os passos desta ideia, ele viaja pelo seu pa\u00eds e pelo mundo com o objetivo de conhecer os mestres locais e, assim, criar novas m\u00fasicas e aprender com os seus ensinamentos.<\/p>\n<p>&nbsp;<\/p>\n<p>Nesta ocasi\u00e3o, em colabora\u00e7\u00e3o com a editora Sonidos Enraizados, junta-se a m\u00fasicos de ra\u00edzes colombianas e sobe ao palco com Paito, a principal refer\u00eancia da gaita e residente na Isla del Rosario, Emilsen Pacheco, mestre do bullerengue de San Juan de Urab\u00e1, Fredys Arrieta, flautista que segue a tradi\u00e7\u00e3o de San Juan Nepomuceno e Uri\u00e1n Sarmiento, m\u00fasico, baterista, flautista e investigador da m\u00fasica colombiana e natural de Bogot\u00e1. A uni\u00e3o destes artistas promete uma experi\u00eancia musical \u00fanica e inspiradora.<\/p>\n<p>&nbsp;<\/p>\n<p>Este projeto \u00e9 produzido pela Agitando Cultura e Sonidos Enraizados com o apoio do Iberm\u00fasicas.<\/p>\n<p>&nbsp;<\/p>\n<p>Quinta-feira, 9 de novembro 18:00hs Teatro Pablo Tob\u00f3n Uribe, no \u00e2mbito da Circulart, Medell\u00edn<\/p>\n","protected":false},"excerpt":{"rendered":"<p>Neste concerto, Benjamim Taubkin adopta o conceito de \u00abturista aprendiz\u00bb proposto h\u00e1 um s\u00e9culo pelo brasileiro M\u00e1rio de Andrade. Seguindo os passos desta ideia, ele viaja pelo seu pa\u00eds e pelo mundo com o objetivo de conhecer os mestres locais e, assim, criar novas m\u00fasicas e aprender com os seus ensinamentos. &nbsp; Nesta ocasi\u00e3o, em [&hellip;]<\/p>\n","protected":false},"author":7,"featured_media":17259,"comment_status":"closed","ping_status":"closed","sticky":false,"template":"","format":"standard","meta":{"_monsterinsights_skip_tracking":false,"_monsterinsights_sitenote_active":false,"_monsterinsights_sitenote_note":"","_monsterinsights_sitenote_category":0,"footnotes":""},"categories":[218],"tags":[],"class_list":["post-17261","post","type-post","status-publish","format-standard","has-post-thumbnail","hentry","category-noticias-generales-pt"],"lang":"pt","translations":{"pt":17261,"es":17258},"pll_sync_post":[],"post_mailing_queue_ids":[],"_links":{"self":[{"href":"https:\/\/www.ibermusicas.org\/index.php\/wp-json\/wp\/v2\/posts\/17261","targetHints":{"allow":["GET"]}}],"collection":[{"href":"https:\/\/www.ibermusicas.org\/index.php\/wp-json\/wp\/v2\/posts"}],"about":[{"href":"https:\/\/www.ibermusicas.org\/index.php\/wp-json\/wp\/v2\/types\/post"}],"author":[{"embeddable":true,"href":"https:\/\/www.ibermusicas.org\/index.php\/wp-json\/wp\/v2\/users\/7"}],"replies":[{"embeddable":true,"href":"https:\/\/www.ibermusicas.org\/index.php\/wp-json\/wp\/v2\/comments?post=17261"}],"version-history":[{"count":0,"href":"https:\/\/www.ibermusicas.org\/index.php\/wp-json\/wp\/v2\/posts\/17261\/revisions"}],"wp:featuredmedia":[{"embeddable":true,"href":"https:\/\/www.ibermusicas.org\/index.php\/wp-json\/wp\/v2\/media\/17259"}],"wp:attachment":[{"href":"https:\/\/www.ibermusicas.org\/index.php\/wp-json\/wp\/v2\/media?parent=17261"}],"wp:term":[{"taxonomy":"category","embeddable":true,"href":"https:\/\/www.ibermusicas.org\/index.php\/wp-json\/wp\/v2\/categories?post=17261"},{"taxonomy":"post_tag","embeddable":true,"href":"https:\/\/www.ibermusicas.org\/index.php\/wp-json\/wp\/v2\/tags?post=17261"}],"curies":[{"name":"wp","href":"https:\/\/api.w.org\/{rel}","templated":true}]}}