{"id":17453,"date":"2023-11-29T22:42:16","date_gmt":"2023-11-29T22:42:16","guid":{"rendered":"https:\/\/www.ibermusicas.org\/?p=17453"},"modified":"2024-01-15T14:09:48","modified_gmt":"2024-01-15T14:09:48","slug":"eusebio-sanchez-presenta-su-proyecto-a-q-uatico-musica-para-agua-y-live-electronics","status":"publish","type":"post","link":"https:\/\/www.ibermusicas.org\/index.php\/eusebio-sanchez-presenta-su-proyecto-a-q-uatico-musica-para-agua-y-live-electronics\/","title":{"rendered":"Eusebio S\u00e1nchez presenta su proyecto a-Q-u\u00e1tico &#8211; M\u00fasica para agua y live electronics"},"content":{"rendered":"<p>El proyecto a-Q-u\u00e1tico contempla la performance musical \u201cDuctus\u201d cuya materia prima de creaci\u00f3n sonora es el agua. El agua como medio de creaci\u00f3n es explorado a trav\u00e9s de las tecnolog\u00edas como lo son la amplificaci\u00f3n, la programaci\u00f3n, hidr\u00f3fonos y live electronics.<\/p>\n<p>&nbsp;<\/p>\n<p>El agua es la fuerza motriz de toda la naturaleza. La m\u00fasica \u2013 y las artes \u2013 han tenido a bien imitar o representar a la naturaleza. En la m\u00fasica occidental hay claros ejemplos de obras cuyo universo est\u00e9tico se ha visto formado al intentar plasmar en melod\u00edas la realidad de los elementos naturales. Hoy en d\u00eda, la ya casi inexistente barrera entre la m\u00fasica y el arte sonoro permite utilizar a los elementos no como motivo sino como materia prima en el discurso esc\u00e9nico.<\/p>\n<p>&nbsp;<\/p>\n<p>El objeto de estudio comprende obras de los compositores Jorge G\u00f3mez Elizondo, Rodrigo Zarate, Sandra Muci\u00f1o, Marysia Lojko as\u00ed como del propio Eusebio S\u00e1nchez.<\/p>\n<p>&nbsp;<\/p>\n<p>A trav\u00e9s de esta creaci\u00f3n esc\u00e9nica y el arte sonoro se busca reflexionar acerca de las condiciones sociales y pol\u00edticas del momento actual del estado de Nuevo Le\u00f3n (y del norte del pa\u00eds -M\u00e9xico-) respecto a la situaci\u00f3n del agua.<\/p>\n<p>&nbsp;<\/p>\n<p>Dicho intercambio cultural se pretende realizar a trav\u00e9s de la relaci\u00f3n entre el artista Eusebio S\u00e1nchez (M\u00e9xico) y la Universidad de Barcelona (Espa\u00f1a), as\u00ed como una colaboraci\u00f3n con la Anton Bruckner Privatuniversit\u00e4t (Linz, Austria) con el fin de concientizar el uso de este recurso natural -el agua- que a todos nos ata\u00f1e.<\/p>\n<p>&nbsp;<\/p>\n<p>El proyecto de Eusebio S\u00e1nchez fue premiado por Iberm\u00fasicas en su l\u00ednea de Ayudas al Sector Musical en Modalidad Virtual.<\/p>\n<p>&nbsp;<\/p>\n<p>&nbsp;<\/p>\n<ul>\n<li>20 de diciembre, 20h: Concierto virtual desde Monterrey, M\u00e9xico. <a href=\"http:\/\/www.facebook.com\/eusebiosanchezmusic\">facebook.com\/eusebiosanchezmusic<\/a><\/li>\n<li>21 de diciembre, 20h: Concierto Ductus: Festival Artes Vivas en Espacio Expectante, Monterrey, M\u00e9xico<\/li>\n<\/ul>\n","protected":false},"excerpt":{"rendered":"<p>El proyecto a-Q-u\u00e1tico contempla la performance musical \u201cDuctus\u201d cuya materia prima de creaci\u00f3n sonora es el agua. El agua como medio de creaci\u00f3n es explorado a trav\u00e9s de las tecnolog\u00edas como lo son la amplificaci\u00f3n, la programaci\u00f3n, hidr\u00f3fonos y live electronics. &nbsp; El agua es la fuerza motriz de toda la naturaleza. La m\u00fasica \u2013 [&hellip;]<\/p>\n","protected":false},"author":7,"featured_media":17719,"comment_status":"closed","ping_status":"closed","sticky":false,"template":"","format":"standard","meta":{"_monsterinsights_skip_tracking":false,"_monsterinsights_sitenote_active":false,"_monsterinsights_sitenote_note":"","_monsterinsights_sitenote_category":0,"footnotes":""},"categories":[53],"tags":[],"class_list":["post-17453","post","type-post","status-publish","format-standard","has-post-thumbnail","hentry","category-noticias-generales"],"lang":"es","translations":{"es":17453},"pll_sync_post":[],"post_mailing_queue_ids":[],"_links":{"self":[{"href":"https:\/\/www.ibermusicas.org\/index.php\/wp-json\/wp\/v2\/posts\/17453","targetHints":{"allow":["GET"]}}],"collection":[{"href":"https:\/\/www.ibermusicas.org\/index.php\/wp-json\/wp\/v2\/posts"}],"about":[{"href":"https:\/\/www.ibermusicas.org\/index.php\/wp-json\/wp\/v2\/types\/post"}],"author":[{"embeddable":true,"href":"https:\/\/www.ibermusicas.org\/index.php\/wp-json\/wp\/v2\/users\/7"}],"replies":[{"embeddable":true,"href":"https:\/\/www.ibermusicas.org\/index.php\/wp-json\/wp\/v2\/comments?post=17453"}],"version-history":[{"count":0,"href":"https:\/\/www.ibermusicas.org\/index.php\/wp-json\/wp\/v2\/posts\/17453\/revisions"}],"wp:featuredmedia":[{"embeddable":true,"href":"https:\/\/www.ibermusicas.org\/index.php\/wp-json\/wp\/v2\/media\/17719"}],"wp:attachment":[{"href":"https:\/\/www.ibermusicas.org\/index.php\/wp-json\/wp\/v2\/media?parent=17453"}],"wp:term":[{"taxonomy":"category","embeddable":true,"href":"https:\/\/www.ibermusicas.org\/index.php\/wp-json\/wp\/v2\/categories?post=17453"},{"taxonomy":"post_tag","embeddable":true,"href":"https:\/\/www.ibermusicas.org\/index.php\/wp-json\/wp\/v2\/tags?post=17453"}],"curies":[{"name":"wp","href":"https:\/\/api.w.org\/{rel}","templated":true}]}}