{"id":17730,"date":"2024-01-15T19:21:59","date_gmt":"2024-01-15T19:21:59","guid":{"rendered":"https:\/\/www.ibermusicas.org\/?p=17730"},"modified":"2024-02-02T12:51:22","modified_gmt":"2024-02-02T12:51:22","slug":"la-artista-uruguaya-letu-ruibal-se-presenta-por-primera-vez-en-santiago-y-valparaiso-chile-y-en-mendoza-y-malargue-argentina","status":"publish","type":"post","link":"https:\/\/www.ibermusicas.org\/index.php\/la-artista-uruguaya-letu-ruibal-se-presenta-por-primera-vez-en-santiago-y-valparaiso-chile-y-en-mendoza-y-malargue-argentina\/","title":{"rendered":"La artista uruguaya Letu Ruibal se presenta por primera vez en Santiago y Valpara\u00edso (Chile) y en Mendoza y Malarg\u00fce (Argentina)"},"content":{"rendered":"<p dir=\"ltr\">Letu Ruibal presenta una iniciativa art\u00edstica y educativa que busca generar un clima de disfrute y diversi\u00f3n a trav\u00e9s de la m\u00fasica y el juego. Parte de una sensibilidad basada en las sutilezas de la ni\u00f1ez, los aspectos b\u00e1sicos de la vida y el planeta, transformados en instantes m\u00e1gicos para vivirlos juntos.<\/p>\n<p>&nbsp;<\/p>\n<p dir=\"ltr\">Leticia Ruibal es M\u00fasica y compositora, maestra de educaci\u00f3n com\u00fan e inicial, actriz y clown. Presenta un repertorio ampliado y enriquecido por variedad de m\u00fasicos y artistas. Todas las letras y composiciones de sus dos discos son de su autor\u00eda: Canciones Peregrinas (2015) y Agua en Espiral (2022).<\/p>\n<p>&nbsp;<\/p>\n<p dir=\"ltr\">Con el apoyo de Iberm\u00fasicas, y del \u00e1rea de<\/p>\n<p dir=\"ltr\">internacionalizaci\u00f3n del Instituto de M\u00fasica de Uruguay (programa Expande); estar\u00e1 present\u00e1ndose en Santiago de Chile (compartiendo escenario con Leo Fontecilla, y tambi\u00e9n en el programa Parques Abiertos de la Corporaci\u00f3n de Desarrollo de Santiago), en Valpara\u00edso compartiendo con artistas locales. Tambi\u00e9n realizar\u00e1 presentaciones en Argentina en las ciudades de Mendoza y Malarg\u00fce.<\/p>\n<p>&nbsp;<\/p>\n<ul>\n<li dir=\"ltr\">\n<p dir=\"ltr\" role=\"presentation\">25 de enero: Academia Enarmonia compartiendo con el m\u00fasico chileno Leo Fontecilla, Santiago de Chile.<\/p>\n<\/li>\n<li dir=\"ltr\">\n<p dir=\"ltr\" role=\"presentation\">27 de enero: Parque de los Reyes, programa Parques Abiertos, Santiago de Chile<\/p>\n<\/li>\n<li dir=\"ltr\">\n<p dir=\"ltr\" role=\"presentation\">28 de enero: Taller de Ritmos Uruguayos y Variet\u00e9 Familiar en el Parque El Litre, Valpara\u00edso, Chile.<\/p>\n<\/li>\n<li dir=\"ltr\">\n<p dir=\"ltr\" role=\"presentation\">02 de febrero: Kermesse en Malarg\u00fce<\/p>\n<\/li>\n<li dir=\"ltr\">\n<p dir=\"ltr\" role=\"presentation\">03 de febrero: Espect\u00e1culo en Mendoza<\/p>\n<\/li>\n<\/ul>\n","protected":false},"excerpt":{"rendered":"<p>Letu Ruibal presenta una iniciativa art\u00edstica y educativa que busca generar un clima de disfrute y diversi\u00f3n a trav\u00e9s de la m\u00fasica y el juego. Parte de una sensibilidad basada en las sutilezas de la ni\u00f1ez, los aspectos b\u00e1sicos de la vida y el planeta, transformados en instantes m\u00e1gicos para vivirlos juntos. &nbsp; Leticia Ruibal [&hellip;]<\/p>\n","protected":false},"author":7,"featured_media":17731,"comment_status":"closed","ping_status":"closed","sticky":false,"template":"","format":"standard","meta":{"_monsterinsights_skip_tracking":false,"_monsterinsights_sitenote_active":false,"_monsterinsights_sitenote_note":"","_monsterinsights_sitenote_category":0,"footnotes":""},"categories":[53],"tags":[],"class_list":["post-17730","post","type-post","status-publish","format-standard","has-post-thumbnail","hentry","category-noticias-generales"],"lang":"es","translations":{"es":17730,"pt":17733},"pll_sync_post":[],"post_mailing_queue_ids":[],"_links":{"self":[{"href":"https:\/\/www.ibermusicas.org\/index.php\/wp-json\/wp\/v2\/posts\/17730","targetHints":{"allow":["GET"]}}],"collection":[{"href":"https:\/\/www.ibermusicas.org\/index.php\/wp-json\/wp\/v2\/posts"}],"about":[{"href":"https:\/\/www.ibermusicas.org\/index.php\/wp-json\/wp\/v2\/types\/post"}],"author":[{"embeddable":true,"href":"https:\/\/www.ibermusicas.org\/index.php\/wp-json\/wp\/v2\/users\/7"}],"replies":[{"embeddable":true,"href":"https:\/\/www.ibermusicas.org\/index.php\/wp-json\/wp\/v2\/comments?post=17730"}],"version-history":[{"count":0,"href":"https:\/\/www.ibermusicas.org\/index.php\/wp-json\/wp\/v2\/posts\/17730\/revisions"}],"wp:featuredmedia":[{"embeddable":true,"href":"https:\/\/www.ibermusicas.org\/index.php\/wp-json\/wp\/v2\/media\/17731"}],"wp:attachment":[{"href":"https:\/\/www.ibermusicas.org\/index.php\/wp-json\/wp\/v2\/media?parent=17730"}],"wp:term":[{"taxonomy":"category","embeddable":true,"href":"https:\/\/www.ibermusicas.org\/index.php\/wp-json\/wp\/v2\/categories?post=17730"},{"taxonomy":"post_tag","embeddable":true,"href":"https:\/\/www.ibermusicas.org\/index.php\/wp-json\/wp\/v2\/tags?post=17730"}],"curies":[{"name":"wp","href":"https:\/\/api.w.org\/{rel}","templated":true}]}}