{"id":17733,"date":"2024-01-15T19:23:19","date_gmt":"2024-01-15T19:23:19","guid":{"rendered":"https:\/\/www.ibermusicas.org\/?p=17733"},"modified":"2024-02-02T12:48:03","modified_gmt":"2024-02-02T12:48:03","slug":"a-artista-uruguaia-letu-ruibal-apresenta-se-pela-primeira-vez-em-santiago-e-valparaiso-chile-e-em-mendoza-e-malargue-argentina","status":"publish","type":"post","link":"https:\/\/www.ibermusicas.org\/index.php\/a-artista-uruguaia-letu-ruibal-apresenta-se-pela-primeira-vez-em-santiago-e-valparaiso-chile-e-em-mendoza-e-malargue-argentina\/","title":{"rendered":"A artista uruguaia Letu Ruibal apresenta-se pela primeira vez em Santiago e Valpara\u00edso (Chile) e em Mendoza e Malarg\u00fce (Argentina)"},"content":{"rendered":"<p dir=\"ltr\">Letu Ruibal apresenta uma iniciativa art\u00edstica e educativa que procura gerar um ambiente de prazer e divers\u00e3o atrav\u00e9s da m\u00fasica e do jogo. A sua base \u00e9 uma sensibilidade baseada nas subtilezas da inf\u00e2ncia, os aspectos b\u00e1sicos da vida e do planeta, transformados em momentos m\u00e1gicos para os viver juntos.<\/p>\n<p dir=\"ltr\">\n<p dir=\"ltr\">Let\u00edcia Ruibal \u00e9 musicista e compositora, professora de educa\u00e7\u00e3o infantil e comum, atriz e palha\u00e7a. Apresenta um repert\u00f3rio expandido e enriquecido por uma variedade de m\u00fasicos e artistas. Todas as letras e composi\u00e7\u00f5es de seus dois \u00e1lbuns s\u00e3o de sua autoria: Canciones Peregrinas (2015) e Agua en Espiral (2022).<\/p>\n<p dir=\"ltr\">\n<p dir=\"ltr\">Com o apoio do Iberm\u00fasicas, e da \u00e1rea de internacionaliza\u00e7\u00e3o do Instituto de M\u00fasica do Uruguai (programa Expande), actuar\u00e1 em Santiago do Chile partilhando o palco com Leo Fontecilla, e tamb\u00e9m no programa Parques Abiertos da Corporaci\u00f3n de Desarrollo de Santiago e em Valpara\u00edso, partilhando o palco com artistas locais. Tamb\u00e9m atuar\u00e1 na Argentina, nas cidades de Mendoza e Malarg\u00fce.<\/p>\n<p dir=\"ltr\">\n<ul>\n<li dir=\"ltr\">\n<p dir=\"ltr\" role=\"presentation\">25 de janeiro: Academia Enarmonia partilhando o palco com o m\u00fasico chileno Leo Fontecilla, Santiago do Chile.<\/p>\n<\/li>\n<li dir=\"ltr\">\n<p dir=\"ltr\" role=\"presentation\">27 de janeiro: Parque de los Reyes, programa Parques Abiertos, Santiago do Chile.<\/p>\n<\/li>\n<li dir=\"ltr\">\n<p dir=\"ltr\" role=\"presentation\">28 de janeiro: Oficina de Ritmos Uruguaios e Variet\u00e9 Familiar no Parque El Litre, Valpara\u00edso, Chile.<\/p>\n<\/li>\n<li dir=\"ltr\">\n<p dir=\"ltr\" role=\"presentation\">02 de fevereiro: Quermesse em Malarg\u00fce<\/p>\n<\/li>\n<li dir=\"ltr\">\n<p dir=\"ltr\" role=\"presentation\">3 de fevereiro: Espet\u00e1culo em Mendoza<\/p>\n<\/li>\n<\/ul>\n","protected":false},"excerpt":{"rendered":"<p>Letu Ruibal apresenta uma iniciativa art\u00edstica e educativa que procura gerar um ambiente de prazer e divers\u00e3o atrav\u00e9s da m\u00fasica e do jogo. A sua base \u00e9 uma sensibilidade baseada nas subtilezas da inf\u00e2ncia, os aspectos b\u00e1sicos da vida e do planeta, transformados em momentos m\u00e1gicos para os viver juntos. Let\u00edcia Ruibal \u00e9 musicista e [&hellip;]<\/p>\n","protected":false},"author":7,"featured_media":17731,"comment_status":"closed","ping_status":"closed","sticky":false,"template":"","format":"standard","meta":{"_monsterinsights_skip_tracking":false,"_monsterinsights_sitenote_active":false,"_monsterinsights_sitenote_note":"","_monsterinsights_sitenote_category":0,"footnotes":""},"categories":[218],"tags":[],"class_list":["post-17733","post","type-post","status-publish","format-standard","has-post-thumbnail","hentry","category-noticias-generales-pt"],"lang":"pt","translations":{"pt":17733,"es":17730},"pll_sync_post":[],"post_mailing_queue_ids":[],"_links":{"self":[{"href":"https:\/\/www.ibermusicas.org\/index.php\/wp-json\/wp\/v2\/posts\/17733","targetHints":{"allow":["GET"]}}],"collection":[{"href":"https:\/\/www.ibermusicas.org\/index.php\/wp-json\/wp\/v2\/posts"}],"about":[{"href":"https:\/\/www.ibermusicas.org\/index.php\/wp-json\/wp\/v2\/types\/post"}],"author":[{"embeddable":true,"href":"https:\/\/www.ibermusicas.org\/index.php\/wp-json\/wp\/v2\/users\/7"}],"replies":[{"embeddable":true,"href":"https:\/\/www.ibermusicas.org\/index.php\/wp-json\/wp\/v2\/comments?post=17733"}],"version-history":[{"count":0,"href":"https:\/\/www.ibermusicas.org\/index.php\/wp-json\/wp\/v2\/posts\/17733\/revisions"}],"wp:featuredmedia":[{"embeddable":true,"href":"https:\/\/www.ibermusicas.org\/index.php\/wp-json\/wp\/v2\/media\/17731"}],"wp:attachment":[{"href":"https:\/\/www.ibermusicas.org\/index.php\/wp-json\/wp\/v2\/media?parent=17733"}],"wp:term":[{"taxonomy":"category","embeddable":true,"href":"https:\/\/www.ibermusicas.org\/index.php\/wp-json\/wp\/v2\/categories?post=17733"},{"taxonomy":"post_tag","embeddable":true,"href":"https:\/\/www.ibermusicas.org\/index.php\/wp-json\/wp\/v2\/tags?post=17733"}],"curies":[{"name":"wp","href":"https:\/\/api.w.org\/{rel}","templated":true}]}}