{"id":17849,"date":"2024-01-30T20:32:46","date_gmt":"2024-01-30T20:32:46","guid":{"rendered":"https:\/\/www.ibermusicas.org\/?p=17849"},"modified":"2024-02-28T22:34:43","modified_gmt":"2024-02-28T22:34:43","slug":"la-artista-mexicana-amanda-tovalin-presenta-el-primer-single-de-su-disco-el-origen","status":"publish","type":"post","link":"https:\/\/www.ibermusicas.org\/index.php\/la-artista-mexicana-amanda-tovalin-presenta-el-primer-single-de-su-disco-el-origen\/","title":{"rendered":"La artista mexicana Amanda Tovalin presenta el primer single de su disco \u201cEl Origen\u201d"},"content":{"rendered":"<p>El origen es el nombre del cuarto LP de Amanda Tovalin inspirado en reflexiones sobre la identidad latinoamericana contempor\u00e1nea. Es un proyecto ganador de un apoyo a la creaci\u00f3n Iberm\u00fasicas y est\u00e1 inspirado en reflexiones en torno a la identidad latinoamericana contempor\u00e1nea. Para el proyecto Amanda trabaj\u00f3 con artistas musicales, visuales y sonoros de Chile, Per\u00fa, Brasil, Argentina y Colombia.<\/p>\n<p>&nbsp;<\/p>\n<p>El pr\u00f3ximo 2 de febrero lanzar\u00e1 el primer sencillo de su nuevo proyecto \u201cEl Origen\u201d. En esta primera entrega Amanda presentar\u00e1 la composici\u00f3n \u201cDe d\u00f3nde vengo\u201d en colaboraci\u00f3n con el cantautor de Chiapas, Andr\u00e9 Beltr\u00e1n y el pianista de jazz Daniel Vadillo.<\/p>\n<p>&nbsp;<\/p>\n<p>La compositora es conocida por experimentar y fusionar la poes\u00eda con elementos del jazz, el sonido alternativo actual y algunos g\u00e9neros de la m\u00fasica latinoamericana.<\/p>\n<p>&nbsp;<\/p>\n<p>En esta ocasi\u00f3n, la tem\u00e1tica del \u201cEl Origen\u201d pretende conceptualizar, a trav\u00e9s los arreglos y espacios de exploraci\u00f3n l\u00edrica e instrumental, una serie de cuestionamientos de la artista en torno a la identidad urbana latinoamericana, los efectos de la colonialidad en su pa\u00eds natal y pa\u00edses similares as\u00ed como sus rezagos en nuestros d\u00edas<\/p>\n<p>&nbsp;<\/p>\n<p>El lanzamiento del sencillo viene acompa\u00f1ado de una convocatoria para p\u00fablico general a expresarse y contestar la pregunta \u201c\u00bfQu\u00e9 significa para ti ser latinx?\u201d a trav\u00e9s de cualquier medio art\u00edstico y expresivo. Las obras seleccionadas ser\u00e1n parte del LP final que saldr\u00e1 en diciembre de 2024. La convocatoria puede consultarse en <a href=\"http:\/\/www.amandatovalin.com\">www.amandatovalin.com<\/a><\/p>\n<p>&nbsp;<\/p>\n<p>Amanda Tovalin ha ganado varias prestigiosas becas para compositoras como la beca para la residencia de compositores experimentales ART OMI en Nueva York 2019 y la beca para mujeres compositoras creativas de la Universidad de<\/p>\n<p>Bellas Artes de Vermont.<\/p>\n<p>&nbsp;<\/p>\n<p>Cuenta con tres materiales discogr\u00e1ficos inclu\u00eddo \u201cPunto de Partida\u201d nombrado No.1 de los 10 mejores discos del 2015 por la revista \u201cSin Embargo\u201d as\u00ed como \u201cCr\u00f3nicas\u201d e \u201cInfinito\u201d que fue aclamado por los cr\u00edticos.<\/p>\n<p>&nbsp;<\/p>\n<p>Entre sus colaboraciones destacan artistas consagrados de varios g\u00e9neros y estilos como Ernesto Anaya, Alex Mercado, Iraida Noriega, Vivir Quintana, Silvana Estrada, Leiden y muchos m\u00e1s. Forma parte del coro feminista \u201cEl Palomar\u201d que debut\u00f3 junto a Mon Laferte y la \u201cCanci\u00f3n sin Miedo\u201d.<\/p>\n<p>&nbsp;<\/p>\n<p>Sus shows en vivo han sido aclamados por la energ\u00eda y honestidad que ofrece en el escenario, factores que la han llevado a representar a M\u00e9xico internacionalmente en giras por pa\u00edses como Colombia e India donde particip\u00f3 en el Festival de Jazz de New Delhi.<\/p>\n<p>&nbsp;<\/p>\n<p>Con sus actuaciones pretende tocar la sensibilidad de la audiencia para fomentar su parte m\u00e1s humana y as\u00ed inspirar comportamientos m\u00e1s positivos en el mundo. Su misi\u00f3n como creadora es hablar de sentimientos que no son tratados com\u00fanmente en la m\u00fasica comercial e invitar a la gente a sentirse libre de expresarse y no sentirse sola en el intento.<\/p>\n<p>&nbsp;<\/p>\n<p>&nbsp;<\/p>\n<ul>\n<li>A partir del 2 de febrero en todas las plataformas<\/li>\n<\/ul>\n","protected":false},"excerpt":{"rendered":"<p>El origen es el nombre del cuarto LP de Amanda Tovalin inspirado en reflexiones sobre la identidad latinoamericana contempor\u00e1nea. Es un proyecto ganador de un apoyo a la creaci\u00f3n Iberm\u00fasicas y est\u00e1 inspirado en reflexiones en torno a la identidad latinoamericana contempor\u00e1nea. Para el proyecto Amanda trabaj\u00f3 con artistas musicales, visuales y sonoros de Chile, [&hellip;]<\/p>\n","protected":false},"author":7,"featured_media":18077,"comment_status":"closed","ping_status":"closed","sticky":false,"template":"","format":"standard","meta":{"_monsterinsights_skip_tracking":false,"_monsterinsights_sitenote_active":false,"_monsterinsights_sitenote_note":"","_monsterinsights_sitenote_category":0,"footnotes":""},"categories":[53],"tags":[],"class_list":["post-17849","post","type-post","status-publish","format-standard","has-post-thumbnail","hentry","category-noticias-generales"],"lang":"es","translations":{"es":17849},"pll_sync_post":[],"post_mailing_queue_ids":[],"_links":{"self":[{"href":"https:\/\/www.ibermusicas.org\/index.php\/wp-json\/wp\/v2\/posts\/17849","targetHints":{"allow":["GET"]}}],"collection":[{"href":"https:\/\/www.ibermusicas.org\/index.php\/wp-json\/wp\/v2\/posts"}],"about":[{"href":"https:\/\/www.ibermusicas.org\/index.php\/wp-json\/wp\/v2\/types\/post"}],"author":[{"embeddable":true,"href":"https:\/\/www.ibermusicas.org\/index.php\/wp-json\/wp\/v2\/users\/7"}],"replies":[{"embeddable":true,"href":"https:\/\/www.ibermusicas.org\/index.php\/wp-json\/wp\/v2\/comments?post=17849"}],"version-history":[{"count":0,"href":"https:\/\/www.ibermusicas.org\/index.php\/wp-json\/wp\/v2\/posts\/17849\/revisions"}],"wp:featuredmedia":[{"embeddable":true,"href":"https:\/\/www.ibermusicas.org\/index.php\/wp-json\/wp\/v2\/media\/18077"}],"wp:attachment":[{"href":"https:\/\/www.ibermusicas.org\/index.php\/wp-json\/wp\/v2\/media?parent=17849"}],"wp:term":[{"taxonomy":"category","embeddable":true,"href":"https:\/\/www.ibermusicas.org\/index.php\/wp-json\/wp\/v2\/categories?post=17849"},{"taxonomy":"post_tag","embeddable":true,"href":"https:\/\/www.ibermusicas.org\/index.php\/wp-json\/wp\/v2\/tags?post=17849"}],"curies":[{"name":"wp","href":"https:\/\/api.w.org\/{rel}","templated":true}]}}