{"id":17857,"date":"2024-01-30T20:40:20","date_gmt":"2024-01-30T20:40:20","guid":{"rendered":"https:\/\/www.ibermusicas.org\/?p=17857"},"modified":"2024-02-28T22:40:30","modified_gmt":"2024-02-28T22:40:30","slug":"la-fundacion-cultural-cayena-de-colombia-ganadora-del-premio-especial-brasil-ibermusicas-inicia-su-programacion-2024","status":"publish","type":"post","link":"https:\/\/www.ibermusicas.org\/index.php\/la-fundacion-cultural-cayena-de-colombia-ganadora-del-premio-especial-brasil-ibermusicas-inicia-su-programacion-2024\/","title":{"rendered":"La Fundaci\u00f3n Cultural Cayena de Colombia, ganadora del premio especial Brasil\/Iberm\u00fasicas inicia su programaci\u00f3n 2024"},"content":{"rendered":"<p>Siendo pionera en la realizaci\u00f3n de eventos con tem\u00e1ticas innovadoras alrededor de la m\u00fasica brasile\u00f1a en la ciudad de Bogot\u00e1, durante sus 23 a\u00f1os, la Fundaci\u00f3n Cultural Cayena ha divulgado amplia y permanentemente la m\u00fasica del Brasil.<\/p>\n<p>&nbsp;<\/p>\n<p>Ganadora del Premio Brasil Iberm\u00fasicas 2023 pretende seguir siendo un referente de la cultura brasile\u00f1a en Colombia y el mundo, fortaleciendo cada vez m\u00e1s su programaci\u00f3n art\u00edstica y cultural por medio de conciertos, talleres de formaci\u00f3n y encuentros musicales con una programaci\u00f3n diferenciada.<\/p>\n<p>&nbsp;<\/p>\n<p>Iniciar\u00e1 su programaci\u00f3n musical de 2024 el d\u00eda 3 de febrero con una actividad llamada Roda Brasil &#8211; Jam de M\u00fasica Brasile\u00f1a con la participaci\u00f3n de m\u00fasicos nacionales e internacionales como Alexsey, Aldo Zolev, Sof\u00eda Elena S\u00e1nchez y Diego Cadavid en un espacio para el encuentro y para la improvisaci\u00f3n.<\/p>\n<p>&nbsp;<\/p>\n<p>&nbsp;<\/p>\n<ul>\n<li>3 de febrero, Fundaci\u00f3n Cultural Cayena Calle 39 20 38, Bogot\u00e1, Colombia<\/li>\n<\/ul>\n","protected":false},"excerpt":{"rendered":"<p>Siendo pionera en la realizaci\u00f3n de eventos con tem\u00e1ticas innovadoras alrededor de la m\u00fasica brasile\u00f1a en la ciudad de Bogot\u00e1, durante sus 23 a\u00f1os, la Fundaci\u00f3n Cultural Cayena ha divulgado amplia y permanentemente la m\u00fasica del Brasil. &nbsp; Ganadora del Premio Brasil Iberm\u00fasicas 2023 pretende seguir siendo un referente de la cultura brasile\u00f1a en Colombia [&hellip;]<\/p>\n","protected":false},"author":7,"featured_media":18079,"comment_status":"closed","ping_status":"closed","sticky":false,"template":"","format":"standard","meta":{"_monsterinsights_skip_tracking":false,"_monsterinsights_sitenote_active":false,"_monsterinsights_sitenote_note":"","_monsterinsights_sitenote_category":0,"footnotes":""},"categories":[53],"tags":[],"class_list":["post-17857","post","type-post","status-publish","format-standard","has-post-thumbnail","hentry","category-noticias-generales"],"lang":"es","translations":{"es":17857},"pll_sync_post":[],"post_mailing_queue_ids":[],"_links":{"self":[{"href":"https:\/\/www.ibermusicas.org\/index.php\/wp-json\/wp\/v2\/posts\/17857","targetHints":{"allow":["GET"]}}],"collection":[{"href":"https:\/\/www.ibermusicas.org\/index.php\/wp-json\/wp\/v2\/posts"}],"about":[{"href":"https:\/\/www.ibermusicas.org\/index.php\/wp-json\/wp\/v2\/types\/post"}],"author":[{"embeddable":true,"href":"https:\/\/www.ibermusicas.org\/index.php\/wp-json\/wp\/v2\/users\/7"}],"replies":[{"embeddable":true,"href":"https:\/\/www.ibermusicas.org\/index.php\/wp-json\/wp\/v2\/comments?post=17857"}],"version-history":[{"count":0,"href":"https:\/\/www.ibermusicas.org\/index.php\/wp-json\/wp\/v2\/posts\/17857\/revisions"}],"wp:featuredmedia":[{"embeddable":true,"href":"https:\/\/www.ibermusicas.org\/index.php\/wp-json\/wp\/v2\/media\/18079"}],"wp:attachment":[{"href":"https:\/\/www.ibermusicas.org\/index.php\/wp-json\/wp\/v2\/media?parent=17857"}],"wp:term":[{"taxonomy":"category","embeddable":true,"href":"https:\/\/www.ibermusicas.org\/index.php\/wp-json\/wp\/v2\/categories?post=17857"},{"taxonomy":"post_tag","embeddable":true,"href":"https:\/\/www.ibermusicas.org\/index.php\/wp-json\/wp\/v2\/tags?post=17857"}],"curies":[{"name":"wp","href":"https:\/\/api.w.org\/{rel}","templated":true}]}}