{"id":17861,"date":"2024-01-30T20:42:54","date_gmt":"2024-01-30T20:42:54","guid":{"rendered":"https:\/\/www.ibermusicas.org\/?p=17861"},"modified":"2024-02-28T23:11:54","modified_gmt":"2024-02-28T23:11:54","slug":"la-artista-uruguaya-melani-luraschi-inicia-su-residencia-compositiva-en-la-que-fuera-la-casa-de-atahualpa-yupanqui-en-cerro-colorado-argentina","status":"publish","type":"post","link":"https:\/\/www.ibermusicas.org\/index.php\/la-artista-uruguaya-melani-luraschi-inicia-su-residencia-compositiva-en-la-que-fuera-la-casa-de-atahualpa-yupanqui-en-cerro-colorado-argentina\/","title":{"rendered":"La artista uruguaya Melan\u00ed Luraschi inicia su residencia compositiva en la que fuera la casa de Atahualpa Yupanqui en Cerro Colorado, Argentina"},"content":{"rendered":"<p>El proyecto \u201cInmersi\u00f3n po\u00e9tica y musical en el Cerro Colorado de Antonietta Paule Pepin Fitzpatrick\u201d consiste en una residencia art\u00edstica de la compositora Melan\u00ed Luraschi de tres semanas en la Casa Museo de la Fundaci\u00f3n Atahualpa Yupanqui en la localidad de Cerro Colorado, C\u00f3rdoba, Argentina.<\/p>\n<p>&nbsp;<\/p>\n<p>El foco de la residencia es la vida y obra musical de Antonietta Paule Pepin Fitzpatrick (Nenette), esposa de Yupanqui, coautora de muchas de las canciones m\u00e1s conocidas del cantautor argentino, pero que en la \u00e9poca tuvo que firmar con un seud\u00f3nimo masculino: Pablo del Cerro. De esta manera, la residencia pretende visibilizar y poner en valor la figura de Nenette como pianista y compositora.<\/p>\n<p>&nbsp;<\/p>\n<p>Mientras Atahualpa Yupanqui recorr\u00eda el mundo en extensas giras musicales, Nenette permanec\u00eda en su hogar con su hijo, en el pintoresco pueblo de Cerro Colorado, C\u00f3rdoba, Argentina, ofreciendo un apoyo silencioso a la destacada carrera de su esposo. Se cuenta que, en aras de respaldar el talento del argentino, ella renunci\u00f3 en alg\u00fan momento a su propia carrera art\u00edstica. Aunque la historia de Atahualpa es conocida por muchos, el relato de Nenette ha permanecido en la sombra. Pero, \u00bfQu\u00e9 sucedi\u00f3 con Nenette? \u00bfC\u00f3mo transcurr\u00eda la vida de esta mujer que opt\u00f3 por la tranquila soledad de Cerro Colorado mientras su esposo brillaba en los escenarios mundiales?<\/p>\n<p>&nbsp;<\/p>\n<p>Tomando como texto inspirado el libro \u00abCartas a Nenette\u00bb de Victor Pintos, que recopila las cartas que Atahualpa le enviaba desde distintos pa\u00edses de Europa, especialmente desde Par\u00eds, se plantea el interrogante: \u00bfQu\u00e9 palabras y emociones llenaban las cartas que Nenette escrib\u00eda?<\/p>\n<p>&nbsp;<\/p>\n<p>Melan\u00ed Luraschi es compositora, productora y poeta oriunda de Maldonado, Uruguay. Sus canciones de ra\u00edz rioplatense y latina, son a veces m\u00e1s jazzeras, otras m\u00e1s pop. Le canta a la potencialidad de los cuerpos, a la paradoja de las fronteras, inspirada por las mil formas de los v\u00ednculos humanos y la inmensidad de la naturaleza. Escribe y canta en castellano, portugu\u00e9s y franc\u00e9s. Actualmente reside en Par\u00eds, por estudios musicales. Ha editado dos \u00e1lbumes con temas propios, un EP junto a Eduardo Larbanois, y tres singles entre los cuales comparte con Julieta Rada y Lisandro Aristimu\u00f1o.<\/p>\n<p>&nbsp;<\/p>\n<p>Su m\u00fasica ha sido elogiada por artistas con quienes se identifica, como la brasile\u00f1a Mar\u00eda Gad\u00fa, la mexicana Natalia Lafourcade y la peruana Susana Baca. En 2018 fue seleccionada por el Mercado de Industrias Creativas de Uruguay (MicUY) para representar a Uruguay en un showcase en el Mercado de Industrias Creativas de Brasil (MicBR), realizado en la ciudad de S\u00e3o Paulo. En ese mismo a\u00f1o viaj\u00f3 al Festival M\u00fasica de Rua (Caxias do Sul) con el apoyo de Iberm\u00fasicas. En 2019 abri\u00f3 el show de Cyrille Aim\u00e9e (Francia) en el marco del Jazz Tour en el Teatro Sol\u00eds de Montevideo, en 2020 el de Fernando Cabrera en Medio y Medio (Punta Ballena) y en 2022 el de la reconocida banda NTVG en Punta del Este.<\/p>\n<p>&nbsp;<\/p>\n<p>En el a\u00f1o 2021 fue seleccionada para participar de una beca de producci\u00f3n musical en Bolonia. En el a\u00f1o 2022 la canci\u00f3n de su autor\u00eda \u00bbProfundo\u00bb fue seleccionada como parte del soundtrack de la serie de Amazon Prime Video \u00bbEl fin del amor\u00bb protagonizada por Lali Esp\u00f3sito.<\/p>\n<p>&nbsp;<\/p>\n<p>Paralelo a la m\u00fasica es coordinadora y creadora desde el a\u00f1o 2012 de un espacio vinculado a las artes esc\u00e9nicas \u00bbCamino de las aguas\u00bb en la ciudad de Maldonado, Uruguay donde de forma ininterrumpida se realizan talleres para ni\u00f1os.<\/p>\n<p>&nbsp;<\/p>\n<p>&nbsp;<\/p>\n<ul>\n<li>Febrero y marzo, Agua Escondida, Cerro Colorado, C\u00f3rdoba, Argentina<\/li>\n<\/ul>\n","protected":false},"excerpt":{"rendered":"<p>El proyecto \u201cInmersi\u00f3n po\u00e9tica y musical en el Cerro Colorado de Antonietta Paule Pepin Fitzpatrick\u201d consiste en una residencia art\u00edstica de la compositora Melan\u00ed Luraschi de tres semanas en la Casa Museo de la Fundaci\u00f3n Atahualpa Yupanqui en la localidad de Cerro Colorado, C\u00f3rdoba, Argentina. &nbsp; El foco de la residencia es la vida y [&hellip;]<\/p>\n","protected":false},"author":7,"featured_media":18080,"comment_status":"closed","ping_status":"closed","sticky":false,"template":"","format":"standard","meta":{"_monsterinsights_skip_tracking":false,"_monsterinsights_sitenote_active":false,"_monsterinsights_sitenote_note":"","_monsterinsights_sitenote_category":0,"footnotes":""},"categories":[53],"tags":[],"class_list":["post-17861","post","type-post","status-publish","format-standard","has-post-thumbnail","hentry","category-noticias-generales"],"lang":"es","translations":{"es":17861},"pll_sync_post":[],"post_mailing_queue_ids":[],"_links":{"self":[{"href":"https:\/\/www.ibermusicas.org\/index.php\/wp-json\/wp\/v2\/posts\/17861","targetHints":{"allow":["GET"]}}],"collection":[{"href":"https:\/\/www.ibermusicas.org\/index.php\/wp-json\/wp\/v2\/posts"}],"about":[{"href":"https:\/\/www.ibermusicas.org\/index.php\/wp-json\/wp\/v2\/types\/post"}],"author":[{"embeddable":true,"href":"https:\/\/www.ibermusicas.org\/index.php\/wp-json\/wp\/v2\/users\/7"}],"replies":[{"embeddable":true,"href":"https:\/\/www.ibermusicas.org\/index.php\/wp-json\/wp\/v2\/comments?post=17861"}],"version-history":[{"count":0,"href":"https:\/\/www.ibermusicas.org\/index.php\/wp-json\/wp\/v2\/posts\/17861\/revisions"}],"wp:featuredmedia":[{"embeddable":true,"href":"https:\/\/www.ibermusicas.org\/index.php\/wp-json\/wp\/v2\/media\/18080"}],"wp:attachment":[{"href":"https:\/\/www.ibermusicas.org\/index.php\/wp-json\/wp\/v2\/media?parent=17861"}],"wp:term":[{"taxonomy":"category","embeddable":true,"href":"https:\/\/www.ibermusicas.org\/index.php\/wp-json\/wp\/v2\/categories?post=17861"},{"taxonomy":"post_tag","embeddable":true,"href":"https:\/\/www.ibermusicas.org\/index.php\/wp-json\/wp\/v2\/tags?post=17861"}],"curies":[{"name":"wp","href":"https:\/\/api.w.org\/{rel}","templated":true}]}}