{"id":17873,"date":"2024-01-30T21:18:40","date_gmt":"2024-01-30T21:18:40","guid":{"rendered":"https:\/\/www.ibermusicas.org\/?p=17873"},"modified":"2024-02-28T23:17:42","modified_gmt":"2024-02-28T23:17:42","slug":"isabella-bretz-comienza-su-investigacion-como-artista-y-analista-internacional-estudiando-la-musica-como-herramienta-de-diplomacia-cultural-en-iberoamerica","status":"publish","type":"post","link":"https:\/\/www.ibermusicas.org\/index.php\/isabella-bretz-comienza-su-investigacion-como-artista-y-analista-internacional-estudiando-la-musica-como-herramienta-de-diplomacia-cultural-en-iberoamerica\/","title":{"rendered":"Isabella Bretz comienza su investigaci\u00f3n como artista y analista internacional estudiando la m\u00fasica como herramienta de diplomacia cultural en Iberoam\u00e9rica"},"content":{"rendered":"<p>A lo largo de la historia, la m\u00fasica ha sido mucho m\u00e1s que una forma de expresi\u00f3n art\u00edstica. Ha servido como lenguaje universal que trasciende las barreras geogr\u00e1ficas y culturales. En la diversa regi\u00f3n de Iberoam\u00e9rica, que abarca los pa\u00edses latinoamericanos, Espa\u00f1a y Portugal, la m\u00fasica desempe\u00f1a un papel destacado en las relaciones internacionales y en la promoci\u00f3n del entendimiento mutuo. De los Andes a las llanuras espa\u00f1olas, de las orillas del R\u00edo de la Plata a las playas lusitanas, la m\u00fasica se convierte en un v\u00ednculo vital entre naciones, tendiendo puentes no s\u00f3lo entre culturas, sino tambi\u00e9n entre cuestiones sociales, pol\u00edticas y econ\u00f3micas.<\/p>\n<p>&nbsp;<\/p>\n<p>En este contexto, la artista y analista internacional Isabella Bretz, residente en Portugal, busca comprender c\u00f3mo la m\u00fasica desempe\u00f1a un papel fundamental en la conexi\u00f3n y la construcci\u00f3n de relaciones internacionales en Iberoam\u00e9rica. Como lenguaje compartido, trasciende las fronteras y cultiva un terreno f\u00e9rtil para las alianzas y la cooperaci\u00f3n en una regi\u00f3n con profundas ra\u00edces hist\u00f3ricas y culturales.<\/p>\n<p>&nbsp;<\/p>\n<p>El estudio abordar\u00e1 las posibilidades y los retos para que los festivales y los artistas act\u00faen como embajadores culturales, fortaleciendo los lazos diplom\u00e1ticos y econ\u00f3micos entre los pa\u00edses iberoamericanos.<\/p>\n<p>&nbsp;<\/p>\n<p>Adem\u00e1s, la investigaci\u00f3n adoptar\u00e1 un enfoque inclusivo y global al considerar el g\u00e9nero, la etnia y la sostenibilidad en el contexto de la diplomacia cultural a trav\u00e9s de la m\u00fasica en Iberoam\u00e9rica. Al examinar el estado actual de la igualdad de g\u00e9nero y de la igualdad racial\/\u00e9tnica en la industria musical de la regi\u00f3n, Isabella tratar\u00e1 de identificar los desequilibrios y las oportunidades de mejora, as\u00ed como de reconocer las iniciativas de \u00e9xito.<\/p>\n<p>&nbsp;<\/p>\n<p>La investigaci\u00f3n explorar\u00e1 c\u00f3mo la m\u00fasica puede desempe\u00f1ar un papel importante en la promoci\u00f3n de estas cuestiones, influyendo en la creaci\u00f3n y el mantenimiento de pol\u00edticas p\u00fablicas destinadas a garantizar una mayor igualdad de oportunidades y la inclusi\u00f3n de los m\u00fasicos de diferentes g\u00e9neros y or\u00edgenes \u00e9tnicos.<\/p>\n<p>&nbsp;<\/p>\n<p>La artista brasile\u00f1a Sol Bueno, residente en la zona rural de Moeda (Minas Gerais), colaborar\u00e1 con la investigaci\u00f3n a trav\u00e9s de su experiencia como organizadora cultural en Am\u00e9rica Latina. Sol forma parte de la producci\u00f3n del II D\u00e1ndole Cuerda Brasil, festival de cantantes latinoamericanos, que tendr\u00e1 lugar en diciembre en Serra da Moeda y Serra do Cip\u00f3.<\/p>\n<p>&nbsp;<\/p>\n<p>En cuanto a la sostenibilidad, la investigaci\u00f3n indagar\u00e1 en c\u00f3mo la m\u00fasica puede utilizarse como una plataforma eficaz para concienciar sobre cuestiones medioambientales en Iberoam\u00e9rica. Examinar\u00e1 c\u00f3mo los festivales de m\u00fasica pueden adoptar pr\u00e1cticas m\u00e1s sostenibles en t\u00e9rminos de producci\u00f3n y log\u00edstica, as\u00ed como la forma en que los m\u00fasicos pueden utilizar su influencia para promover mensajes ecol\u00f3gicos e inspirar la acci\u00f3n hacia un futuro m\u00e1s sostenible. Este enfoque hol\u00edstico pretende no s\u00f3lo comprender el impacto de la m\u00fasica en la diplomacia cultural, sino tambi\u00e9n c\u00f3mo la m\u00fasica puede ser una fuerza positiva para abordar retos sociales y medioambientales cruciales en la regi\u00f3n iberoamericana.<\/p>\n<p>&nbsp;<\/p>\n<p>Este proyecto de Isabella Bretz ha sido ganador de la convocatoria Iberm\u00fasicas 2023 en el rubro \u201cAyudas al Sector Musical en Modalidad Virtual\u201d.<\/p>\n","protected":false},"excerpt":{"rendered":"<p>A lo largo de la historia, la m\u00fasica ha sido mucho m\u00e1s que una forma de expresi\u00f3n art\u00edstica. Ha servido como lenguaje universal que trasciende las barreras geogr\u00e1ficas y culturales. En la diversa regi\u00f3n de Iberoam\u00e9rica, que abarca los pa\u00edses latinoamericanos, Espa\u00f1a y Portugal, la m\u00fasica desempe\u00f1a un papel destacado en las relaciones internacionales y [&hellip;]<\/p>\n","protected":false},"author":7,"featured_media":18083,"comment_status":"closed","ping_status":"closed","sticky":false,"template":"","format":"standard","meta":{"_monsterinsights_skip_tracking":false,"_monsterinsights_sitenote_active":false,"_monsterinsights_sitenote_note":"","_monsterinsights_sitenote_category":0,"footnotes":""},"categories":[53],"tags":[],"class_list":["post-17873","post","type-post","status-publish","format-standard","has-post-thumbnail","hentry","category-noticias-generales"],"lang":"es","translations":{"es":17873},"pll_sync_post":[],"post_mailing_queue_ids":[],"_links":{"self":[{"href":"https:\/\/www.ibermusicas.org\/index.php\/wp-json\/wp\/v2\/posts\/17873","targetHints":{"allow":["GET"]}}],"collection":[{"href":"https:\/\/www.ibermusicas.org\/index.php\/wp-json\/wp\/v2\/posts"}],"about":[{"href":"https:\/\/www.ibermusicas.org\/index.php\/wp-json\/wp\/v2\/types\/post"}],"author":[{"embeddable":true,"href":"https:\/\/www.ibermusicas.org\/index.php\/wp-json\/wp\/v2\/users\/7"}],"replies":[{"embeddable":true,"href":"https:\/\/www.ibermusicas.org\/index.php\/wp-json\/wp\/v2\/comments?post=17873"}],"version-history":[{"count":0,"href":"https:\/\/www.ibermusicas.org\/index.php\/wp-json\/wp\/v2\/posts\/17873\/revisions"}],"wp:featuredmedia":[{"embeddable":true,"href":"https:\/\/www.ibermusicas.org\/index.php\/wp-json\/wp\/v2\/media\/18083"}],"wp:attachment":[{"href":"https:\/\/www.ibermusicas.org\/index.php\/wp-json\/wp\/v2\/media?parent=17873"}],"wp:term":[{"taxonomy":"category","embeddable":true,"href":"https:\/\/www.ibermusicas.org\/index.php\/wp-json\/wp\/v2\/categories?post=17873"},{"taxonomy":"post_tag","embeddable":true,"href":"https:\/\/www.ibermusicas.org\/index.php\/wp-json\/wp\/v2\/tags?post=17873"}],"curies":[{"name":"wp","href":"https:\/\/api.w.org\/{rel}","templated":true}]}}