{"id":17959,"date":"2024-02-06T20:17:02","date_gmt":"2024-02-06T20:17:02","guid":{"rendered":"https:\/\/www.ibermusicas.org\/?p=17959"},"modified":"2024-02-28T13:10:33","modified_gmt":"2024-02-28T13:10:33","slug":"el-musico-paraguayo-altamirano-lleva-su-propuesta-por-primera-vez-a-mexico","status":"publish","type":"post","link":"https:\/\/www.ibermusicas.org\/index.php\/el-musico-paraguayo-altamirano-lleva-su-propuesta-por-primera-vez-a-mexico\/","title":{"rendered":"El m\u00fasico paraguayo Altamirano lleva su propuesta por primera vez a M\u00e9xico"},"content":{"rendered":"<p>Altamirano transita por el rock, el hip hop, pasando por el funk, el reggae y la cumbia, sin necesidad de marcar l\u00edmites entre los estilos. Sus letras que combinan los idiomas espa\u00f1ol, guaran\u00ed y portugu\u00e9s, junto a su m\u00fasica que fusiona sonidos de la \u201cTriple Frontera\u201d (Brasil, Argentina y Paraguay) que representan el Jopar\u00e1 (o \u201cmezcla\u201d en guaran\u00ed) de las distintas culturas de esa zona, haci\u00e9ndola una sola.<\/p>\n<p>&nbsp;<\/p>\n<p>Altamirano es el proyecto solista de Patrick Altamirano, m\u00fasico, compositor, productor y comunicador de Paraguay. Esta nueva etapa se inici\u00f3 con el \u00e1lbum Joparaparlante en el 2022, luego de 4 a\u00f1os de la separaci\u00f3n definitiva de su banda Revolber, grupo referente del rock paraguayo con 20 a\u00f1os de trayectoria.<\/p>\n<p>&nbsp;<\/p>\n<p>Altamirano llega por primera vez a M\u00e9xico con presentaciones en Guadalajara, Ciudad de M\u00e9xico, Toluca y Cuernavaca. Trae consigo un mix musical y cultural en formato cuarteto, que incluye temas de su reciente disco \u201cRetrofuturismo\u201d junto a canciones que recorren sus m\u00e1s de 20 a\u00f1os de trayectoria.<\/p>\n<p>&nbsp;<\/p>\n<p>Altamirano ha sido ganador de las Ayudas a la Circulaci\u00f3n del Programa Iberm\u00fasicas en las convocatorias 2023.<\/p>\n<p>&nbsp;<\/p>\n<p>&nbsp;<\/p>\n<ul>\n<li>28 de febrero a 2 de marzo: Participaci\u00f3n en Feria Internacional de la M\u00fasica de Guadalajara.<\/li>\n<li>28 de febrero show en Breton, Guadalajara<\/li>\n<li>6 de marzo show en Bajo Circuito de Ciudad de M\u00e9xico<\/li>\n<li>8 de marzo show en Baktum de Cuernavaca<\/li>\n<li>9 de marzo show en Foro 304 de Toluca<\/li>\n<\/ul>\n","protected":false},"excerpt":{"rendered":"<p>Altamirano transita por el rock, el hip hop, pasando por el funk, el reggae y la cumbia, sin necesidad de marcar l\u00edmites entre los estilos. Sus letras que combinan los idiomas espa\u00f1ol, guaran\u00ed y portugu\u00e9s, junto a su m\u00fasica que fusiona sonidos de la \u201cTriple Frontera\u201d (Brasil, Argentina y Paraguay) que representan el Jopar\u00e1 (o [&hellip;]<\/p>\n","protected":false},"author":7,"featured_media":17948,"comment_status":"closed","ping_status":"closed","sticky":false,"template":"","format":"standard","meta":{"_monsterinsights_skip_tracking":false,"_monsterinsights_sitenote_active":false,"_monsterinsights_sitenote_note":"","_monsterinsights_sitenote_category":0,"footnotes":""},"categories":[53],"tags":[],"class_list":["post-17959","post","type-post","status-publish","format-standard","has-post-thumbnail","hentry","category-noticias-generales"],"lang":"es","translations":{"es":17959,"pt":17961},"pll_sync_post":[],"post_mailing_queue_ids":[],"_links":{"self":[{"href":"https:\/\/www.ibermusicas.org\/index.php\/wp-json\/wp\/v2\/posts\/17959","targetHints":{"allow":["GET"]}}],"collection":[{"href":"https:\/\/www.ibermusicas.org\/index.php\/wp-json\/wp\/v2\/posts"}],"about":[{"href":"https:\/\/www.ibermusicas.org\/index.php\/wp-json\/wp\/v2\/types\/post"}],"author":[{"embeddable":true,"href":"https:\/\/www.ibermusicas.org\/index.php\/wp-json\/wp\/v2\/users\/7"}],"replies":[{"embeddable":true,"href":"https:\/\/www.ibermusicas.org\/index.php\/wp-json\/wp\/v2\/comments?post=17959"}],"version-history":[{"count":0,"href":"https:\/\/www.ibermusicas.org\/index.php\/wp-json\/wp\/v2\/posts\/17959\/revisions"}],"wp:featuredmedia":[{"embeddable":true,"href":"https:\/\/www.ibermusicas.org\/index.php\/wp-json\/wp\/v2\/media\/17948"}],"wp:attachment":[{"href":"https:\/\/www.ibermusicas.org\/index.php\/wp-json\/wp\/v2\/media?parent=17959"}],"wp:term":[{"taxonomy":"category","embeddable":true,"href":"https:\/\/www.ibermusicas.org\/index.php\/wp-json\/wp\/v2\/categories?post=17959"},{"taxonomy":"post_tag","embeddable":true,"href":"https:\/\/www.ibermusicas.org\/index.php\/wp-json\/wp\/v2\/tags?post=17959"}],"curies":[{"name":"wp","href":"https:\/\/api.w.org\/{rel}","templated":true}]}}