{"id":17961,"date":"2024-02-06T20:18:15","date_gmt":"2024-02-06T20:18:15","guid":{"rendered":"https:\/\/www.ibermusicas.org\/?p=17961"},"modified":"2024-02-28T13:14:32","modified_gmt":"2024-02-28T13:14:32","slug":"o-musico-paraguaio-altamirano-leva-sua-musica-a-mexico-pela-primeira-vez","status":"publish","type":"post","link":"https:\/\/www.ibermusicas.org\/index.php\/o-musico-paraguaio-altamirano-leva-sua-musica-a-mexico-pela-primeira-vez\/","title":{"rendered":"O m\u00fasico paraguaio Altamirano leva sua m\u00fasica a M\u00e9xico pela primeira vez"},"content":{"rendered":"<p>Altamirano transita entre o rock, o hip hop, o funk, o reggae e a cumbia, sem precisar estabelecer fronteiras entre os estilos. As suas letras combinam o espanhol, o guarani e o portugu\u00eas, e a sua m\u00fasica funde sons da \u00abTr\u00edplice Fronteira\u00bb (Brasil, Argentina e Paraguai) que representam o Jopar\u00e1 (ou \u00abmistura\u00bb em guarani) das diferentes culturas dessa \u00e1rea, tornando-a uma s\u00f3.<\/p>\n<p>&nbsp;<\/p>\n<p>Altamirano \u00e9 o projeto solo de Patrick Altamirano, m\u00fasico, compositor, produtor e comunicador paraguaio. Esta nova etapa come\u00e7ou com o \u00e1lbum Joparaparlante em 2022, depois de 4 anos da separa\u00e7\u00e3o definitiva da sua banda Revolber, um grupo de refer\u00eancia do rock paraguaio com 20 anos de carreira.<\/p>\n<p>&nbsp;<\/p>\n<p>Altamirano chega pela primeira vez ao M\u00e9xico com apresenta\u00e7\u00f5es em Guadalajara, Cidade do M\u00e9xico, Toluca e Cuernavaca. Traz consigo uma mistura musical e cultural em formato de quarteto, que inclui can\u00e7\u00f5es do seu recente \u00e1lbum \u00abRetrofuturismo\u00bb juntamente com can\u00e7\u00f5es dos seus 20 anos de carreira.<\/p>\n<p>&nbsp;<\/p>\n<p>Altamirano foi vencedor nas Ajudas \u00e0 Circula\u00e7\u00e3o do Programa Iberm\u00fasicas nas chamadas de 2023.<\/p>\n<p>&nbsp;<\/p>\n<ul>\n<li>28 de fevereiro a 2 de mar\u00e7o: Participa\u00e7\u00e3o na Feira Internacional de M\u00fasica de Guadalajara.<\/li>\n<li>28 de fevereiro show em Breton, Guadalajara.<\/li>\n<li>6 de mar\u00e7o show no Bajo Circuito na Cidade do M\u00e9xico.<\/li>\n<li>8 de mar\u00e7o show no Baktum em Cuernavaca<\/li>\n<li>9 de mar\u00e7o show\u00a0 no Foro 304 em Toluca.<\/li>\n<\/ul>\n","protected":false},"excerpt":{"rendered":"<p>Altamirano transita entre o rock, o hip hop, o funk, o reggae e a cumbia, sem precisar estabelecer fronteiras entre os estilos. As suas letras combinam o espanhol, o guarani e o portugu\u00eas, e a sua m\u00fasica funde sons da \u00abTr\u00edplice Fronteira\u00bb (Brasil, Argentina e Paraguai) que representam o Jopar\u00e1 (ou \u00abmistura\u00bb em guarani) das [&hellip;]<\/p>\n","protected":false},"author":7,"featured_media":17948,"comment_status":"closed","ping_status":"closed","sticky":false,"template":"","format":"standard","meta":{"_monsterinsights_skip_tracking":false,"_monsterinsights_sitenote_active":false,"_monsterinsights_sitenote_note":"","_monsterinsights_sitenote_category":0,"footnotes":""},"categories":[218],"tags":[],"class_list":["post-17961","post","type-post","status-publish","format-standard","has-post-thumbnail","hentry","category-noticias-generales-pt"],"lang":"pt","translations":{"pt":17961,"es":17959},"pll_sync_post":[],"post_mailing_queue_ids":[],"_links":{"self":[{"href":"https:\/\/www.ibermusicas.org\/index.php\/wp-json\/wp\/v2\/posts\/17961","targetHints":{"allow":["GET"]}}],"collection":[{"href":"https:\/\/www.ibermusicas.org\/index.php\/wp-json\/wp\/v2\/posts"}],"about":[{"href":"https:\/\/www.ibermusicas.org\/index.php\/wp-json\/wp\/v2\/types\/post"}],"author":[{"embeddable":true,"href":"https:\/\/www.ibermusicas.org\/index.php\/wp-json\/wp\/v2\/users\/7"}],"replies":[{"embeddable":true,"href":"https:\/\/www.ibermusicas.org\/index.php\/wp-json\/wp\/v2\/comments?post=17961"}],"version-history":[{"count":0,"href":"https:\/\/www.ibermusicas.org\/index.php\/wp-json\/wp\/v2\/posts\/17961\/revisions"}],"wp:featuredmedia":[{"embeddable":true,"href":"https:\/\/www.ibermusicas.org\/index.php\/wp-json\/wp\/v2\/media\/17948"}],"wp:attachment":[{"href":"https:\/\/www.ibermusicas.org\/index.php\/wp-json\/wp\/v2\/media?parent=17961"}],"wp:term":[{"taxonomy":"category","embeddable":true,"href":"https:\/\/www.ibermusicas.org\/index.php\/wp-json\/wp\/v2\/categories?post=17961"},{"taxonomy":"post_tag","embeddable":true,"href":"https:\/\/www.ibermusicas.org\/index.php\/wp-json\/wp\/v2\/tags?post=17961"}],"curies":[{"name":"wp","href":"https:\/\/api.w.org\/{rel}","templated":true}]}}