{"id":17995,"date":"2024-02-28T13:45:13","date_gmt":"2024-02-28T13:45:13","guid":{"rendered":"https:\/\/www.ibermusicas.org\/?p=17995"},"modified":"2024-03-27T03:20:55","modified_gmt":"2024-03-27T03:20:55","slug":"a-clarinetista-chilena-javiera-hunfan-apresenta-seu-curso-de-clarineta-ritmo-linguagem-e-interpretacao-do-choro","status":"publish","type":"post","link":"https:\/\/www.ibermusicas.org\/index.php\/a-clarinetista-chilena-javiera-hunfan-apresenta-seu-curso-de-clarineta-ritmo-linguagem-e-interpretacao-do-choro\/","title":{"rendered":"A clarinetista chilena Javiera Hunfan apresenta seu Curso de Clarineta: Ritmo, Linguagem e Interpreta\u00e7\u00e3o do Choro"},"content":{"rendered":"<p>Este projeto tem como objetivo a realiza\u00e7\u00e3o de um curso de clarinete de n\u00edvel interm\u00e9dio\/avan\u00e7ado, centrado no ritmo, linguagem e interpreta\u00e7\u00e3o do Choro, o primeiro g\u00eanero musical genuinamente brasileiro com grande import\u00e2ncia a n\u00edvel mundial.<\/p>\n<p>&nbsp;<\/p>\n<p>Este curso ter\u00e1 a dura\u00e7\u00e3o de 16 semanas, com um total de 32 aulas distribu\u00eddas em dois grupos humanos distintos (grupo A e B) a decorrer durante 4 meses (abril, maio, junho e julho). O curso ser\u00e1 orientado para clarinetistas populares e cultos e abordar\u00e1 temas como hist\u00f3ria, chaves r\u00edtmicas, expoentes do clarinete, repert\u00f3rio e t\u00e9cnica. O curso contar\u00e1 tamb\u00e9m com a participa\u00e7\u00e3o do violonista e professor brasileiro Kevin Augusto Moreira de Oliveira.<\/p>\n<p>&nbsp;<\/p>\n<p>O curso pretende transmitir os conhecimentos que Javiera adquiriu em S\u00e3o Paulo, onde p\u00f4de aprender com dois grandes mestres do clarinete (Nailor Azevedo e Alexandre Ribeiro) e participar ativamente nos encontros musicais e rodas de choro da Escola de Choro de S\u00e3o Paulo e de outros locais da cidade.<\/p>\n<p>&nbsp;<\/p>\n<p>Javiera Hunfan \u00e9 natural de Santiago, Chile. Iniciou seus estudos de clarinete em 2015, sempre demonstrando interesse pela m\u00fasica popular brasileira. Formou v\u00e1rios grupos sendo uma figura importante para o movimento do choro no Chile. Al\u00e9m disso, desenvolveu v\u00e1rios projetos especializados em ritmos da m\u00fasica latino-americana como tango, milonga, valsa, pasillos e tonadas. Participou da grava\u00e7\u00e3o do segundo \u00e1lbum da banda SUBE, gravou um concerto ao vivo com o grupo La Molienda, al\u00e9m de colaborar em outros projetos de artistas chilenos.<\/p>\n<p>&nbsp;<\/p>\n<p>\u00abSeu \u00faltimo lan\u00e7amento importante foi o \u00e1lbum \u00abEnmara\u00f1ao (2022)\u00bb, gravado com seu grupo \u00abTr\u00edo Enmara\u00f1ao\u00bb, lan\u00e7ado no Chile e em S\u00e3o Paulo, Brasil.<\/p>\n<p>Em 2022, viajou para S\u00e3o Paulo para aperfei\u00e7oar seus estudos com o maestro Nailor Proveta e, mais tarde, em 2023, com Alexandre Ribeiro. J\u00e1 se apresentou em diversos festivais, como o Chorando Sem Parar (S\u00e3o Carlos, SP) e o Choro da Casa (Ribeir\u00e3o Preto, SP), e atualmente desenvolve diferentes projetos musicais, como a \u00abOrquestra Turuna\u00bb e o \u00abDuo Saracoteando\u00bb.<\/p>\n<p>&nbsp;<\/p>\n<p>Este projeto de Javiera Hunfan e Kevin Augusto Moreira de Oliveira foi benefici\u00e1rio do Iberm\u00fasicas na sua linha de a\u00e7\u00e3o de \u201cAjudas ao Sector Musical em Modalidade Virtual\u201d, convocat\u00f3ria 2023.<\/p>\n","protected":false},"excerpt":{"rendered":"<p>Este projeto tem como objetivo a realiza\u00e7\u00e3o de um curso de clarinete de n\u00edvel interm\u00e9dio\/avan\u00e7ado, centrado no ritmo, linguagem e interpreta\u00e7\u00e3o do Choro, o primeiro g\u00eanero musical genuinamente brasileiro com grande import\u00e2ncia a n\u00edvel mundial. &nbsp; Este curso ter\u00e1 a dura\u00e7\u00e3o de 16 semanas, com um total de 32 aulas distribu\u00eddas em dois grupos humanos [&hellip;]<\/p>\n","protected":false},"author":7,"featured_media":17993,"comment_status":"closed","ping_status":"closed","sticky":false,"template":"","format":"standard","meta":{"_monsterinsights_skip_tracking":false,"_monsterinsights_sitenote_active":false,"_monsterinsights_sitenote_note":"","_monsterinsights_sitenote_category":0,"footnotes":""},"categories":[218],"tags":[],"class_list":["post-17995","post","type-post","status-publish","format-standard","has-post-thumbnail","hentry","category-noticias-generales-pt"],"lang":"pt","translations":{"pt":17995,"es":17992},"pll_sync_post":[],"post_mailing_queue_ids":[],"_links":{"self":[{"href":"https:\/\/www.ibermusicas.org\/index.php\/wp-json\/wp\/v2\/posts\/17995","targetHints":{"allow":["GET"]}}],"collection":[{"href":"https:\/\/www.ibermusicas.org\/index.php\/wp-json\/wp\/v2\/posts"}],"about":[{"href":"https:\/\/www.ibermusicas.org\/index.php\/wp-json\/wp\/v2\/types\/post"}],"author":[{"embeddable":true,"href":"https:\/\/www.ibermusicas.org\/index.php\/wp-json\/wp\/v2\/users\/7"}],"replies":[{"embeddable":true,"href":"https:\/\/www.ibermusicas.org\/index.php\/wp-json\/wp\/v2\/comments?post=17995"}],"version-history":[{"count":0,"href":"https:\/\/www.ibermusicas.org\/index.php\/wp-json\/wp\/v2\/posts\/17995\/revisions"}],"wp:featuredmedia":[{"embeddable":true,"href":"https:\/\/www.ibermusicas.org\/index.php\/wp-json\/wp\/v2\/media\/17993"}],"wp:attachment":[{"href":"https:\/\/www.ibermusicas.org\/index.php\/wp-json\/wp\/v2\/media?parent=17995"}],"wp:term":[{"taxonomy":"category","embeddable":true,"href":"https:\/\/www.ibermusicas.org\/index.php\/wp-json\/wp\/v2\/categories?post=17995"},{"taxonomy":"post_tag","embeddable":true,"href":"https:\/\/www.ibermusicas.org\/index.php\/wp-json\/wp\/v2\/tags?post=17995"}],"curies":[{"name":"wp","href":"https:\/\/api.w.org\/{rel}","templated":true}]}}