{"id":18017,"date":"2024-02-28T14:16:56","date_gmt":"2024-02-28T14:16:56","guid":{"rendered":"https:\/\/www.ibermusicas.org\/?p=18017"},"modified":"2024-03-27T03:23:32","modified_gmt":"2024-03-27T03:23:32","slug":"el-xi-encuentro-de-mujeres-de-musica-peruana-propone-una-taller-de-percusion-para-ninos","status":"publish","type":"post","link":"https:\/\/www.ibermusicas.org\/index.php\/el-xi-encuentro-de-mujeres-de-musica-peruana-propone-una-taller-de-percusion-para-ninos\/","title":{"rendered":"El XI Encuentro de Mujeres de M\u00fasica Peruana propone una taller de percusi\u00f3n para ni\u00f1os"},"content":{"rendered":"<p>El Encuentro de Mujeres de M\u00fasica Peruana es un espacio de expresi\u00f3n, difusi\u00f3n y apoyo a la mujer m\u00fasica. Este evento re\u00fane a int\u00e9rpretes, cantantes, instrumentistas y grupos femeninos de los diferentes g\u00e9neros musicales: criollo, andino, jazz, afro, rock, cumbia, entre otros; promoviendo la sinergia entre todas las participantes, quienes demuestran versatilidad, creatividad, conocimiento y destreza, convocando a experimentadas y a nuevas generaciones de cultoras musicales en el Per\u00fa.<\/p>\n<p>&nbsp;<\/p>\n<p>Como actividad de inicio del festival propone un taller de percusi\u00f3n a cargo de Pari\u00f3 Paula Percusi\u00f3n y dirigido a ni\u00f1os y adolescentes desde los 10 a\u00f1os.<\/p>\n<p>&nbsp;<\/p>\n<p>El Encuentro de Mujeres de M\u00fasica Peruana cuenta con el apoyo de Iberm\u00fasicas a trav\u00e9s de las \u201cAyudas al sector musical para la Programaci\u00f3n Iberoamericana\u201d.<\/p>\n<p><strong>\u00a0<\/strong><\/p>\n<p>2, 3, 9 y 10 de marzo, 15h en la Biblioteca Comunal Mi Universo \u2013 San Juan de Miraflores<\/p>\n","protected":false},"excerpt":{"rendered":"<p>El Encuentro de Mujeres de M\u00fasica Peruana es un espacio de expresi\u00f3n, difusi\u00f3n y apoyo a la mujer m\u00fasica. Este evento re\u00fane a int\u00e9rpretes, cantantes, instrumentistas y grupos femeninos de los diferentes g\u00e9neros musicales: criollo, andino, jazz, afro, rock, cumbia, entre otros; promoviendo la sinergia entre todas las participantes, quienes demuestran versatilidad, creatividad, conocimiento y [&hellip;]<\/p>\n","protected":false},"author":7,"featured_media":18018,"comment_status":"closed","ping_status":"closed","sticky":false,"template":"","format":"standard","meta":{"_monsterinsights_skip_tracking":false,"_monsterinsights_sitenote_active":false,"_monsterinsights_sitenote_note":"","_monsterinsights_sitenote_category":0,"footnotes":""},"categories":[53],"tags":[],"class_list":["post-18017","post","type-post","status-publish","format-standard","has-post-thumbnail","hentry","category-noticias-generales"],"lang":"es","translations":{"es":18017,"pt":18020},"pll_sync_post":[],"post_mailing_queue_ids":[],"_links":{"self":[{"href":"https:\/\/www.ibermusicas.org\/index.php\/wp-json\/wp\/v2\/posts\/18017","targetHints":{"allow":["GET"]}}],"collection":[{"href":"https:\/\/www.ibermusicas.org\/index.php\/wp-json\/wp\/v2\/posts"}],"about":[{"href":"https:\/\/www.ibermusicas.org\/index.php\/wp-json\/wp\/v2\/types\/post"}],"author":[{"embeddable":true,"href":"https:\/\/www.ibermusicas.org\/index.php\/wp-json\/wp\/v2\/users\/7"}],"replies":[{"embeddable":true,"href":"https:\/\/www.ibermusicas.org\/index.php\/wp-json\/wp\/v2\/comments?post=18017"}],"version-history":[{"count":0,"href":"https:\/\/www.ibermusicas.org\/index.php\/wp-json\/wp\/v2\/posts\/18017\/revisions"}],"wp:featuredmedia":[{"embeddable":true,"href":"https:\/\/www.ibermusicas.org\/index.php\/wp-json\/wp\/v2\/media\/18018"}],"wp:attachment":[{"href":"https:\/\/www.ibermusicas.org\/index.php\/wp-json\/wp\/v2\/media?parent=18017"}],"wp:term":[{"taxonomy":"category","embeddable":true,"href":"https:\/\/www.ibermusicas.org\/index.php\/wp-json\/wp\/v2\/categories?post=18017"},{"taxonomy":"post_tag","embeddable":true,"href":"https:\/\/www.ibermusicas.org\/index.php\/wp-json\/wp\/v2\/tags?post=18017"}],"curies":[{"name":"wp","href":"https:\/\/api.w.org\/{rel}","templated":true}]}}