{"id":18020,"date":"2024-02-28T14:18:04","date_gmt":"2024-02-28T14:18:04","guid":{"rendered":"https:\/\/www.ibermusicas.org\/?p=18020"},"modified":"2024-03-27T03:20:33","modified_gmt":"2024-03-27T03:20:33","slug":"o-xi-encuentro-de-mujeres-de-musica-peruana-propoe-uma-oficina-de-percussao-para-criancas","status":"publish","type":"post","link":"https:\/\/www.ibermusicas.org\/index.php\/o-xi-encuentro-de-mujeres-de-musica-peruana-propoe-uma-oficina-de-percussao-para-criancas\/","title":{"rendered":"O XI Encuentro de Mujeres de M\u00fasica Peruana prop\u00f5e uma oficina de percuss\u00e3o para crian\u00e7as"},"content":{"rendered":"<p>O Encuentro de Mujeres de M\u00fasica Peruana \u00e9 um espa\u00e7o de express\u00e3o, divulga\u00e7\u00e3o e apoio \u00e0s mulheres musicistas. Esse evento re\u00fane int\u00e9rpretes, cantoras, instrumentistas e grupos femininos de diferentes g\u00eaneros musicais: crioulo, andino, jazz, afro, rock, cumbia, entre outros; promovendo a sinergia entre todas as participantes, que demonstram versatilidade, criatividade, conhecimento e habilidade, reunindo experientes e novas gera\u00e7\u00f5es de mulheres musicistas no Peru.<\/p>\n<p>&nbsp;<\/p>\n<p>Como atividade inicial, o festival prop\u00f5e um workshop de percuss\u00e3o ministrado pela Pari\u00f3 Paula Percusi\u00f3n, destinado a crian\u00e7as e adolescentes a partir de 10 anos de idade.<\/p>\n<p>&nbsp;<\/p>\n<p>O Encuentro de Mujeres de M\u00fasica Peruana \u00e9 apoiado pelo Programa Iberm\u00fasicas atrav\u00e9s das \u201cAjudas ao sector musical para a Programa\u00e7\u00e3o Ibero-americana\u201d.<\/p>\n<p>&nbsp;<\/p>\n<ul>\n<li>2, 3, 9 e 10 de mar\u00e7o, 15h, na Biblioteca Comunal Mi Universo &#8211; San Juan de Miraflores<\/li>\n<\/ul>\n","protected":false},"excerpt":{"rendered":"<p>O Encuentro de Mujeres de M\u00fasica Peruana \u00e9 um espa\u00e7o de express\u00e3o, divulga\u00e7\u00e3o e apoio \u00e0s mulheres musicistas. Esse evento re\u00fane int\u00e9rpretes, cantoras, instrumentistas e grupos femininos de diferentes g\u00eaneros musicais: crioulo, andino, jazz, afro, rock, cumbia, entre outros; promovendo a sinergia entre todas as participantes, que demonstram versatilidade, criatividade, conhecimento e habilidade, reunindo experientes [&hellip;]<\/p>\n","protected":false},"author":7,"featured_media":18018,"comment_status":"closed","ping_status":"closed","sticky":false,"template":"","format":"standard","meta":{"_monsterinsights_skip_tracking":false,"_monsterinsights_sitenote_active":false,"_monsterinsights_sitenote_note":"","_monsterinsights_sitenote_category":0,"footnotes":""},"categories":[218],"tags":[],"class_list":["post-18020","post","type-post","status-publish","format-standard","has-post-thumbnail","hentry","category-noticias-generales-pt"],"lang":"pt","translations":{"pt":18020,"es":18017},"pll_sync_post":[],"post_mailing_queue_ids":[],"_links":{"self":[{"href":"https:\/\/www.ibermusicas.org\/index.php\/wp-json\/wp\/v2\/posts\/18020","targetHints":{"allow":["GET"]}}],"collection":[{"href":"https:\/\/www.ibermusicas.org\/index.php\/wp-json\/wp\/v2\/posts"}],"about":[{"href":"https:\/\/www.ibermusicas.org\/index.php\/wp-json\/wp\/v2\/types\/post"}],"author":[{"embeddable":true,"href":"https:\/\/www.ibermusicas.org\/index.php\/wp-json\/wp\/v2\/users\/7"}],"replies":[{"embeddable":true,"href":"https:\/\/www.ibermusicas.org\/index.php\/wp-json\/wp\/v2\/comments?post=18020"}],"version-history":[{"count":0,"href":"https:\/\/www.ibermusicas.org\/index.php\/wp-json\/wp\/v2\/posts\/18020\/revisions"}],"wp:featuredmedia":[{"embeddable":true,"href":"https:\/\/www.ibermusicas.org\/index.php\/wp-json\/wp\/v2\/media\/18018"}],"wp:attachment":[{"href":"https:\/\/www.ibermusicas.org\/index.php\/wp-json\/wp\/v2\/media?parent=18020"}],"wp:term":[{"taxonomy":"category","embeddable":true,"href":"https:\/\/www.ibermusicas.org\/index.php\/wp-json\/wp\/v2\/categories?post=18020"},{"taxonomy":"post_tag","embeddable":true,"href":"https:\/\/www.ibermusicas.org\/index.php\/wp-json\/wp\/v2\/tags?post=18020"}],"curies":[{"name":"wp","href":"https:\/\/api.w.org\/{rel}","templated":true}]}}