{"id":18022,"date":"2024-02-28T14:22:23","date_gmt":"2024-02-28T14:22:23","guid":{"rendered":"https:\/\/www.ibermusicas.org\/?p=18022"},"modified":"2024-02-28T14:22:23","modified_gmt":"2024-02-28T14:22:23","slug":"la-reconocida-cantautora-peruana-carmen-gutierrez-se-embarca-en-una-gira-por-mexico-en-conmemoracion-del-mes-de-la-mujer","status":"publish","type":"post","link":"https:\/\/www.ibermusicas.org\/index.php\/la-reconocida-cantautora-peruana-carmen-gutierrez-se-embarca-en-una-gira-por-mexico-en-conmemoracion-del-mes-de-la-mujer\/","title":{"rendered":"La reconocida cantautora peruana Carmen Guti\u00e9rrez se embarca en una gira por M\u00e9xico, en conmemoraci\u00f3n del Mes de la Mujer"},"content":{"rendered":"<p>Carmen Guti\u00e9rrez es cantautora e int\u00e9rprete de m\u00fasica peruana y latinoamericana, nacida en la ciudad de Jauja, Jun\u00edn, Per\u00fa. Es reconocida por su compromiso con la difusi\u00f3n de la m\u00fasica peruana y latinoamericana. Contin\u00faa llevando su mensaje de amor, uni\u00f3n y esperanza a trav\u00e9s de sus composiciones, que reflejan la identidad y esencia de sus ra\u00edces. Su \u00faltimo \u00e1lbum, \u00abAlas de Fuego\u00bb, ha sido bien recibido por el p\u00fablico y la cr\u00edtica, consolidando su posici\u00f3n como una de las voces m\u00e1s destacadas del folclore peruano.<\/p>\n<p>&nbsp;<\/p>\n<p>Durante su estancia en M\u00e9xico, Carmen Guti\u00e9rrez se presentar\u00e1 en diversos municipios del Estado de M\u00e9xico, as\u00ed como en un pueblo m\u00e1gico del estado de Hidalgo. En cada concierto, estar\u00e1 acompa\u00f1ada por m\u00fasicos mexicanos locales, enriqueciendo as\u00ed su propuesta musical con la diversidad cultural de cada regi\u00f3n que visite.<\/p>\n<p>&nbsp;<\/p>\n<p>La gira se llevar\u00e1 a cabo en el marco de la VII y VIII Galer\u00eda Internacional de Arte y Cultura en M\u00e9xico, donde se presentar\u00e1n actividades programadas en instituciones educativas y culturales llevando a cabo talleres de la voz y conciertos. Esta iniciativa busca fortalecer los lazos culturales entre Per\u00fa y M\u00e9xico, promoviendo la inclusi\u00f3n, la diversidad y la igualdad a trav\u00e9s de la m\u00fasica.<\/p>\n<p>&nbsp;<\/p>\n<p>Carmen Guti\u00e9rrez ha sido premiado por Iberm\u00fasicas mediante sus \u201cAyudas al sector musical para la circulaci\u00f3n\u201d.<\/p>\n<p><strong>\u00a0<\/strong><\/p>\n<ul>\n<li>Lunes 4 de marzo: talleres para alumnos de preparatoria. Coacalco de Berrioz\u00e1bal, Estado de M\u00e9xico.<\/li>\n<li>Martes 5 de marzo: talleres para alumnos de preparatoria. Coacalco de Berrioz\u00e1bal, Estado de M\u00e9xico.<\/li>\n<li>Mi\u00e9rcoles 6 de marzo: exposici\u00f3n de los talleres y clausura. Coacalco de Berrioz\u00e1bal, Estado de M\u00e9xico.<\/li>\n<li>Viernes 8 y s\u00e1bado 9 de marzo: El Centro Metropolitano de Arte y Cultura de Coacalco<\/li>\n<li>Lunes 11 y martes 12 de marzo: talleres de arte y clases maestras en Nepantla, Estado de M\u00e9xico (Escuela Secundaria Federal Juana de Asbaje y Ram\u00edrez, Primaria Estatal Sor Juana I de la Cruz).<\/li>\n<li>Mi\u00e9rcoles 13 de marzo: exposici\u00f3n de los talleres en todas las disciplinas impartidas. Nepantla, Estado de M\u00e9xico.<\/li>\n<li>Jueves 14 de marzo: clausura. Nepantla, Estado de M\u00e9xico.<\/li>\n<li>Viernes 15 de marzo: Voces Cuerdas y Color con la Orquesta Sinf\u00f3nica Infantil de Nezahualc\u00f3yotl, Estado de M\u00e9xico.<\/li>\n<li>S\u00e1bado 16 de marzo: El sabor del campo, Huasca de Ocampo Pueblo M\u00e1gico, Hidalgo<\/li>\n<\/ul>\n","protected":false},"excerpt":{"rendered":"<p>Carmen Guti\u00e9rrez es cantautora e int\u00e9rprete de m\u00fasica peruana y latinoamericana, nacida en la ciudad de Jauja, Jun\u00edn, Per\u00fa. Es reconocida por su compromiso con la difusi\u00f3n de la m\u00fasica peruana y latinoamericana. Contin\u00faa llevando su mensaje de amor, uni\u00f3n y esperanza a trav\u00e9s de sus composiciones, que reflejan la identidad y esencia de sus [&hellip;]<\/p>\n","protected":false},"author":7,"featured_media":18023,"comment_status":"closed","ping_status":"closed","sticky":false,"template":"","format":"standard","meta":{"_monsterinsights_skip_tracking":false,"_monsterinsights_sitenote_active":false,"_monsterinsights_sitenote_note":"","_monsterinsights_sitenote_category":0,"footnotes":""},"categories":[53],"tags":[],"class_list":["post-18022","post","type-post","status-publish","format-standard","has-post-thumbnail","hentry","category-noticias-generales"],"lang":"es","translations":{"es":18022,"pt":18025},"pll_sync_post":[],"post_mailing_queue_ids":[],"_links":{"self":[{"href":"https:\/\/www.ibermusicas.org\/index.php\/wp-json\/wp\/v2\/posts\/18022","targetHints":{"allow":["GET"]}}],"collection":[{"href":"https:\/\/www.ibermusicas.org\/index.php\/wp-json\/wp\/v2\/posts"}],"about":[{"href":"https:\/\/www.ibermusicas.org\/index.php\/wp-json\/wp\/v2\/types\/post"}],"author":[{"embeddable":true,"href":"https:\/\/www.ibermusicas.org\/index.php\/wp-json\/wp\/v2\/users\/7"}],"replies":[{"embeddable":true,"href":"https:\/\/www.ibermusicas.org\/index.php\/wp-json\/wp\/v2\/comments?post=18022"}],"version-history":[{"count":0,"href":"https:\/\/www.ibermusicas.org\/index.php\/wp-json\/wp\/v2\/posts\/18022\/revisions"}],"wp:featuredmedia":[{"embeddable":true,"href":"https:\/\/www.ibermusicas.org\/index.php\/wp-json\/wp\/v2\/media\/18023"}],"wp:attachment":[{"href":"https:\/\/www.ibermusicas.org\/index.php\/wp-json\/wp\/v2\/media?parent=18022"}],"wp:term":[{"taxonomy":"category","embeddable":true,"href":"https:\/\/www.ibermusicas.org\/index.php\/wp-json\/wp\/v2\/categories?post=18022"},{"taxonomy":"post_tag","embeddable":true,"href":"https:\/\/www.ibermusicas.org\/index.php\/wp-json\/wp\/v2\/tags?post=18022"}],"curies":[{"name":"wp","href":"https:\/\/api.w.org\/{rel}","templated":true}]}}