{"id":18246,"date":"2024-03-27T03:50:17","date_gmt":"2024-03-27T03:50:17","guid":{"rendered":"https:\/\/www.ibermusicas.org\/?p=18246"},"modified":"2024-04-29T17:47:18","modified_gmt":"2024-04-29T17:47:18","slug":"la-orquesta-sinfonica-nacional-de-colombia-estrena-fantasia-tanguera-obra-ganadora-del-premio-ibermusicas-homenaje-a-los-cien-anos-de-la-cumparsita","status":"publish","type":"post","link":"https:\/\/www.ibermusicas.org\/index.php\/la-orquesta-sinfonica-nacional-de-colombia-estrena-fantasia-tanguera-obra-ganadora-del-premio-ibermusicas-homenaje-a-los-cien-anos-de-la-cumparsita\/","title":{"rendered":"La Orquesta Sinf\u00f3nica Nacional de Colombia estrena \u201cFantas\u00eda Sinf\u00f3nica: La historia del Tango\u201d de Lucas Querini, obra ganadora del Premio Iberm\u00fasicas \u201cHomenaje a los cien a\u00f1os de La Cumparsita\u201d"},"content":{"rendered":"<p dir=\"ltr\">\u201cFantas\u00eda Sinf\u00f3nica: La historia del Tango\u201d de Lucas Querini fue la obra ganadora del \u00abPremio Homenaje a los cien a\u00f1os de La Cumparsita\u00bb. Este premio surgi\u00f3 de un proyecto especial de concurso propuesto por Uruguay por medio de la CIATyC (Comisi\u00f3n Interministerial de Apoyo al Tango y al Candombe en Uruguay) de los Ministerios de Educaci\u00f3n y Cultura, Relaciones Exteriores y Turismo de dicho pa\u00eds junto al Programa Iberm\u00fasicas.<\/p>\n<p dir=\"ltr\">En sendas funciones especiales, la Orquesta Sinf\u00f3nica Nacional de Colombia, bajo la batuta del gran maestro colombiano Juan Pablo Valencia y con la participaci\u00f3n solista del bandoneonista colombiano Giovanni Parra realizar\u00e1 el estreno de la obra en dos conciertos los d\u00edas 18 de abril en el Teatro Le\u00f3n De Greiff y 19 de abril Auditorio Fabio Lozano de Bogot\u00e1, Colombia.<\/p>\n<p><em>\u201cFantas\u00eda Sinf\u00f3nica: La Historia del Tango es una obra inspirada en el vasto universo sonoro que ofrece nuestra m\u00fasica tradicional. En un contexto sinf\u00f3nico que incluye al bandone\u00f3n como representante de este acervo cultural, la m\u00fasica toma vuelo evocando los gestos t\u00edpicos, los paisajes, personajes, int\u00e9rpretes, compositores y poetas que han nutrido a esta expresi\u00f3n art\u00edstica a lo largo de los a\u00f1os. Emocionado y agradecido con aquellas obras y personas que han aportado su talento a la creaci\u00f3n de una m\u00fasica tan profunda como propia de nuestro territorio, he escrito esta pieza que no pretende m\u00e1s que participar respetuosamente de nuestra valiosa tradici\u00f3n\u00bb.\u00a0<\/em><\/p>\n<p>&nbsp;<\/p>\n<p dir=\"ltr\">Lucas Querini es un pianista y compositor argentino. Realiza una intensa labor musical como artista y docente interes\u00e1ndose especialmente en vincular la tradici\u00f3n acad\u00e9mica y las m\u00fasicas de ra\u00edz folcl\u00f3rica. Se form\u00f3 en piano y composici\u00f3n en la U.N.R. con maestros como Jorge Molina, Dante Grela y Licia Parodi; y de manera particular con artistas como Gabriel Senanes, Guillermo Klein, Andr\u00e9 Marques, Fabio Torres, Nicol\u00e1s Ledesma, Juli\u00e1n Peralta, Pablo Fraguela, Lilian Saba, entre muchos otros. Ha desarrollado una amplia actividad art\u00edstica present\u00e1ndose en los principales escenarios de su pa\u00eds y ha llevado a cabo cinco giras internacionales ofreciendo conciertos en Alemania, Francia, B\u00e9lgica, Holanda, Suiza, Dinamarca y Espa\u00f1a. Premiado en cert\u00e1menes nacionales e internacionales como compositor y arreglador, ha estrenado m\u00fasica con la O.S.P. de Rosario, O.S.P. de Santa Fe, Orq. de C\u00e1mara Municipal de Rosario, O.S.J. Kayen de Tierra del Fuego y una gran cantidad de ensambles y formaciones del pa\u00eds y del exterior.<\/p>\n<ul>\n<li dir=\"ltr\">\n<p dir=\"ltr\" role=\"presentation\">Jueves 18 de abril, Auditorio Le\u00f3n de Greiff de la Universidad Nacional, Bogot\u00e1, Colombia<\/p>\n<\/li>\n<li dir=\"ltr\">\n<p dir=\"ltr\" role=\"presentation\">Viernes 19 de abril, Auditorio Fabio Lozano, Bogot\u00e1, Colombia<\/p>\n<\/li>\n<\/ul>\n","protected":false},"excerpt":{"rendered":"<p>\u201cFantas\u00eda Sinf\u00f3nica: La historia del Tango\u201d de Lucas Querini fue la obra ganadora del \u00abPremio Homenaje a los cien a\u00f1os de La Cumparsita\u00bb. Este premio surgi\u00f3 de un proyecto especial de concurso propuesto por Uruguay por medio de la CIATyC (Comisi\u00f3n Interministerial de Apoyo al Tango y al Candombe en Uruguay) de los Ministerios de [&hellip;]<\/p>\n","protected":false},"author":7,"featured_media":18302,"comment_status":"closed","ping_status":"closed","sticky":false,"template":"","format":"standard","meta":{"_monsterinsights_skip_tracking":false,"_monsterinsights_sitenote_active":false,"_monsterinsights_sitenote_note":"","_monsterinsights_sitenote_category":0,"footnotes":""},"categories":[53],"tags":[],"class_list":["post-18246","post","type-post","status-publish","format-standard","has-post-thumbnail","hentry","category-noticias-generales"],"lang":"es","translations":{"es":18246,"pt":18249},"pll_sync_post":[],"post_mailing_queue_ids":[],"_links":{"self":[{"href":"https:\/\/www.ibermusicas.org\/index.php\/wp-json\/wp\/v2\/posts\/18246","targetHints":{"allow":["GET"]}}],"collection":[{"href":"https:\/\/www.ibermusicas.org\/index.php\/wp-json\/wp\/v2\/posts"}],"about":[{"href":"https:\/\/www.ibermusicas.org\/index.php\/wp-json\/wp\/v2\/types\/post"}],"author":[{"embeddable":true,"href":"https:\/\/www.ibermusicas.org\/index.php\/wp-json\/wp\/v2\/users\/7"}],"replies":[{"embeddable":true,"href":"https:\/\/www.ibermusicas.org\/index.php\/wp-json\/wp\/v2\/comments?post=18246"}],"version-history":[{"count":0,"href":"https:\/\/www.ibermusicas.org\/index.php\/wp-json\/wp\/v2\/posts\/18246\/revisions"}],"wp:featuredmedia":[{"embeddable":true,"href":"https:\/\/www.ibermusicas.org\/index.php\/wp-json\/wp\/v2\/media\/18302"}],"wp:attachment":[{"href":"https:\/\/www.ibermusicas.org\/index.php\/wp-json\/wp\/v2\/media?parent=18246"}],"wp:term":[{"taxonomy":"category","embeddable":true,"href":"https:\/\/www.ibermusicas.org\/index.php\/wp-json\/wp\/v2\/categories?post=18246"},{"taxonomy":"post_tag","embeddable":true,"href":"https:\/\/www.ibermusicas.org\/index.php\/wp-json\/wp\/v2\/tags?post=18246"}],"curies":[{"name":"wp","href":"https:\/\/api.w.org\/{rel}","templated":true}]}}